{"id":91228,"date":"2020-07-05T09:05:26","date_gmt":"2020-07-05T13:05:26","guid":{"rendered":"https:\/\/linitiative.ca\/International\/sonelgaz-le-pdg-elu-a-la-tete-lassociation-med-tso\/"},"modified":"2020-07-05T09:05:26","modified_gmt":"2020-07-05T13:05:26","slug":"sonelgaz-le-pdg-elu-a-la-tete-lassociation-med-tso","status":"publish","type":"post","link":"https:\/\/linitiative.ca\/International\/sonelgaz-le-pdg-elu-a-la-tete-lassociation-med-tso\/","title":{"rendered":"<div>SONELGAZ : Le PDG \u00e9lu \u00e0 la t\u00eate l&rsquo;association Med-TSO<\/div>"},"content":{"rendered":"<p><br id=\"sep_para_1\" class=\"sep_para access\"\/><\/p>\n<div id=\"para_1\" class=\"para_37727692 resize\">\n<div class=\"texte access firstletter\">Le pr\u00e9sident-directeur g\u00e9n\u00e9ral de Sonelgaz, Chaher Boulakhras a \u00e9t\u00e9 \u00e9lu \u00e0 l&rsquo;unanimit\u00e9 \u00e0 la t\u00eate de l&rsquo;Association des gestionnaires m\u00e9diterran\u00e9ens des r\u00e9seaux de transport de l&rsquo;\u00e9lectricit\u00e9 (Med-TSO) pour un mandat de trois ans, a indiqu\u00e9 jeudi un communiqu\u00e9 du Groupe public. L&rsquo;\u00e9lection a eu lieu lors d&rsquo;une assembl\u00e9e g\u00e9n\u00e9rale de l&rsquo;Association tenue le 1er juillet en mode visioconf\u00e9rence en raison des contraintes li\u00e9es \u00e0 la pand\u00e9mie du Covid-19, a pr\u00e9cis\u00e9 la m\u00eame source. \u00ab\u00a0La confiance plac\u00e9e en la personne de M. Chaher Boulakhras par les dix-neuf membres de l&rsquo;association compos\u00e9e des principales soci\u00e9t\u00e9s d&rsquo;\u00e9lectricit\u00e9 des pays du bassin m\u00e9diterran\u00e9en et dont Sonelgaz est membre depuis la cr\u00e9ation de l&rsquo;association le 19 avril 2019, d\u00e9montre une fois de plus, la position qu&rsquo;occupe le Groupe Sonelgaz parmi les op\u00e9rateurs \u00e9nerg\u00e9tiques majeurs du pourtour m\u00e9diterran\u00e9en\u00a0\u00bb, a ajout\u00e9 le communiqu\u00e9. \u00ab\u00a0Cette \u00e9lection t\u00e9moigne aussi de l&rsquo;apport de Sonelgaz au sein de Med-TSO gr\u00e2ce \u00e0 son expertise et au savoir-faire cumul\u00e9s tout au long des cinquante ann\u00e9es de son existence, notamment en ce qui concerne les efforts entrepris par le Groupe pour le d\u00e9veloppement \u00e9conomique et social de notre pays, offrant \u00e0 l&rsquo;Alg\u00e9rie une place de choix en mati\u00e8re d&rsquo;acc\u00e8s \u00e0 l&rsquo;\u00e9nergie\u00a0\u00bb, a-t-on \u00e9galement soulign\u00e9. M.Boulakhras a d\u00e9clar\u00e9, suite \u00e0 son \u00e9lection, que \u00ab\u00a0Med-TSO doit travailler pour devenir une organisation professionnelle et strat\u00e9gique pour toutes les questions relatives aux syst\u00e8mes \u00e9lectriques m\u00e9diterran\u00e9ens\u00a0\u00bb.\u00a0\u00a0\u00a0\u00a0\u00a0\u00a0\u00a0\u00a0\u00a0\u00a0\u00a0\u00a0\u00a0\u00a0\u00a0\u00a0\u00a0\u00a0\u00a0\u00a0\u00a0\u00a0\u00a0\u00a0\u00a0\u00a0\u00a0\u00a0\u00a0\u00a0\u00a0\u00a0\u00a0\u00a0\u00a0<\/div>\n<\/div>\n<p>Auteur: Ismain<br \/>\n<a href=\"https:\/\/www.reflexiondz.net\/SONELGAZ-Le-PDG-elu-a-la-tete-l-association-Med-TSO_a63781.html\">Cliquez ici pour lire l&rsquo;article depuis sa source.<\/a><\/p>\n","protected":false},"excerpt":{"rendered":"<p>Le pr\u00e9sident-directeur g\u00e9n\u00e9ral de Sonelgaz, Chaher Boulakhras a \u00e9t\u00e9 \u00e9lu \u00e0 l&rsquo;unanimit\u00e9 \u00e0 la t\u00eate de l&rsquo;Association des gestionnaires m\u00e9diterran\u00e9ens des r\u00e9seaux de transport de l&rsquo;\u00e9lectricit\u00e9 (Med-TSO) pour un mandat de trois ans, a indiqu\u00e9 jeudi un communiqu\u00e9 du Groupe public. L&rsquo;\u00e9lection a eu lieu lors d&rsquo;une assembl\u00e9e g\u00e9n\u00e9rale de l&rsquo;Association tenue le 1er juillet [&hellip;]<\/p>\n","protected":false},"author":1740,"featured_media":0,"comment_status":"closed","ping_status":"closed","sticky":false,"template":"","format":"standard","meta":{"fifu_image_url":"","fifu_image_alt":"","footnotes":""},"categories":[53,76],"tags":[],"class_list":["post-91228","post","type-post","status-publish","format-standard","hentry","category-algerie","category-regions"],"_links":{"self":[{"href":"https:\/\/linitiative.ca\/International\/wp-json\/wp\/v2\/posts\/91228","targetHints":{"allow":["GET"]}}],"collection":[{"href":"https:\/\/linitiative.ca\/International\/wp-json\/wp\/v2\/posts"}],"about":[{"href":"https:\/\/linitiative.ca\/International\/wp-json\/wp\/v2\/types\/post"}],"author":[{"embeddable":true,"href":"https:\/\/linitiative.ca\/International\/wp-json\/wp\/v2\/users\/1740"}],"replies":[{"embeddable":true,"href":"https:\/\/linitiative.ca\/International\/wp-json\/wp\/v2\/comments?post=91228"}],"version-history":[{"count":0,"href":"https:\/\/linitiative.ca\/International\/wp-json\/wp\/v2\/posts\/91228\/revisions"}],"wp:attachment":[{"href":"https:\/\/linitiative.ca\/International\/wp-json\/wp\/v2\/media?parent=91228"}],"wp:term":[{"taxonomy":"category","embeddable":true,"href":"https:\/\/linitiative.ca\/International\/wp-json\/wp\/v2\/categories?post=91228"},{"taxonomy":"post_tag","embeddable":true,"href":"https:\/\/linitiative.ca\/International\/wp-json\/wp\/v2\/tags?post=91228"}],"curies":[{"name":"wp","href":"https:\/\/api.w.org\/{rel}","templated":true}]}}