{"id":91234,"date":"2020-07-05T06:00:00","date_gmt":"2020-07-05T10:00:00","guid":{"rendered":"https:\/\/linitiative.ca\/International\/proteger-tous-les-endroits-de-votre-corps\/"},"modified":"2020-07-05T06:00:00","modified_gmt":"2020-07-05T10:00:00","slug":"proteger-tous-les-endroits-de-votre-corps","status":"publish","type":"post","link":"https:\/\/linitiative.ca\/International\/proteger-tous-les-endroits-de-votre-corps\/","title":{"rendered":"Prot\u00e9ger tous les endroits de votre corps !"},"content":{"rendered":"<p>L\u00e8vres, oreilles, paupi\u00e8res, pieds\u2026 Il faut tout prot\u00e9ger. Les muqueuses des l\u00e8vres sont particuli\u00e8rement sensibles aux rayons du soleil. Un baume \u00e0 l\u00e8vres comprenant un filtre de protection solaire est id\u00e9al. Et n\u2019h\u00e9sitez pas \u00e0 faire des retouches r\u00e9guli\u00e8res.<\/p>\n<p>Auteur:<br \/>\n<a href=\"https:\/\/www.lesoirdalgerie.com\/femme-magazine\/proteger-tous-les-endroits-de-votre-corps-44561\">Cliquez ici pour lire l&rsquo;article depuis sa source.<\/a><\/p>\n","protected":false},"excerpt":{"rendered":"<p>L\u00e8vres, oreilles, paupi\u00e8res, pieds\u2026 Il faut tout prot\u00e9ger. Les muqueuses des l\u00e8vres sont particuli\u00e8rement sensibles aux rayons du soleil. Un baume \u00e0 l\u00e8vres comprenant un filtre de protection solaire est id\u00e9al. Et n\u2019h\u00e9sitez pas \u00e0 faire des retouches r\u00e9guli\u00e8res. Auteur: Cliquez ici pour lire l&rsquo;article depuis sa source.<\/p>\n","protected":false},"author":1741,"featured_media":0,"comment_status":"closed","ping_status":"closed","sticky":false,"template":"","format":"standard","meta":{"fifu_image_url":"","fifu_image_alt":"","footnotes":""},"categories":[73,53],"tags":[],"class_list":["post-91234","post","type-post","status-publish","format-standard","hentry","category-actualite","category-algerie"],"_links":{"self":[{"href":"https:\/\/linitiative.ca\/International\/wp-json\/wp\/v2\/posts\/91234","targetHints":{"allow":["GET"]}}],"collection":[{"href":"https:\/\/linitiative.ca\/International\/wp-json\/wp\/v2\/posts"}],"about":[{"href":"https:\/\/linitiative.ca\/International\/wp-json\/wp\/v2\/types\/post"}],"author":[{"embeddable":true,"href":"https:\/\/linitiative.ca\/International\/wp-json\/wp\/v2\/users\/1741"}],"replies":[{"embeddable":true,"href":"https:\/\/linitiative.ca\/International\/wp-json\/wp\/v2\/comments?post=91234"}],"version-history":[{"count":0,"href":"https:\/\/linitiative.ca\/International\/wp-json\/wp\/v2\/posts\/91234\/revisions"}],"wp:attachment":[{"href":"https:\/\/linitiative.ca\/International\/wp-json\/wp\/v2\/media?parent=91234"}],"wp:term":[{"taxonomy":"category","embeddable":true,"href":"https:\/\/linitiative.ca\/International\/wp-json\/wp\/v2\/categories?post=91234"},{"taxonomy":"post_tag","embeddable":true,"href":"https:\/\/linitiative.ca\/International\/wp-json\/wp\/v2\/tags?post=91234"}],"curies":[{"name":"wp","href":"https:\/\/api.w.org\/{rel}","templated":true}]}}