{"id":91237,"date":"2020-07-05T09:05:29","date_gmt":"2020-07-05T13:05:29","guid":{"rendered":"https:\/\/linitiative.ca\/International\/lespagne-ne-veut-pas-dalgeriens-sur-son-territoire\/"},"modified":"2020-07-05T09:05:29","modified_gmt":"2020-07-05T13:05:29","slug":"lespagne-ne-veut-pas-dalgeriens-sur-son-territoire","status":"publish","type":"post","link":"https:\/\/linitiative.ca\/International\/lespagne-ne-veut-pas-dalgeriens-sur-son-territoire\/","title":{"rendered":"L\u2019Espagne ne veut pas d\u2019Alg\u00e9riens sur son territoire"},"content":{"rendered":"<p><br id=\"sep_para_1\" class=\"sep_para access\"\/><\/p>\n<div id=\"para_1\" class=\"para_37727696 resize\">\n<div class=\"texte access firstletter\">L\u2019Espagne a annonc\u00e9 ce vendredi 3 juillet 2020 qu\u2019elle ne rouvrirait pas ses fronti\u00e8res aux voyageurs venant d\u2019Alg\u00e9rie, du Maroc et de Chine tant que ces pays ne laisseront pas entrer les visiteurs venant d\u2019Espagne. Le d\u00e9cret permettant l\u2019ouverture des fronti\u00e8res aux quinze pays figurant sur la liste publi\u00e9e par l\u2019Union europ\u00e9enne le 30 juin entrera en vigueur \u00e0 minuit \u00ab dans la nuit de vendredi \u00e0 samedi \u00bb, permettant l\u2019entr\u00e9e effective des r\u00e9sidents de ces Etats, indique un communiqu\u00e9 du minist\u00e8re de l\u2019Int\u00e9rieur. Mais \u00ab dans le cas de la Chine, du Maroc et de l\u2019Alg\u00e9rie, la r\u00e9ouverture des fronti\u00e8res reste conditionn\u00e9e \u00e0 une action r\u00e9ciproque de la part de ces pays et \u00e0 la r\u00e9ouverture de leurs fronti\u00e8res aux r\u00e9sidents en Espagne \u00bb, pr\u00e9cise le minist\u00e8re. Les fronti\u00e8res restant ferm\u00e9es, la grande migration de millions de Marocains et d\u2019Alg\u00e9riens r\u00e9sidant en Europe qui chaque \u00e9t\u00e9 traversent l\u2019Espagne pour passer les vacances dans leur pays d\u2019origine n\u2019a pas eu lieu cette ann\u00e9e. En attendant, les postes-fronti\u00e8re terrestres des enclaves espagnoles de Ceuta et Melilla, au Maroc, resteront ferm\u00e9s, indique le communiqu\u00e9. Dans le cas de la Chine, le minist\u00e8re explique avoir pris en compte les recommandations de l\u2019Union europ\u00e9enne d\u2019ouvrir les fronti\u00e8res des Etats-membres uniquement apr\u00e8s \u00ab confirmation de l\u2019existence d\u2019un r\u00e9gime de r\u00e9ciprocit\u00e9 de la part du pays asiatique \u00bb. Une premi\u00e8re liste de 15 pays dont les voyageurs peuvent \u00eatre admis dans l\u2019UE et l\u2019espace Schengen a \u00e9t\u00e9 publi\u00e9e mardi, apr\u00e8s de difficiles tractations entre Etats membres.<\/div>\n<\/div>\n<p>Auteur: R\u00e9flexion<br \/>\n<a href=\"https:\/\/www.reflexiondz.net\/L-Espagne-ne-veut-pas-d-Algeriens-sur-son-territoire_a63783.html\">Cliquez ici pour lire l&rsquo;article depuis sa source.<\/a><\/p>\n","protected":false},"excerpt":{"rendered":"<p>L\u2019Espagne a annonc\u00e9 ce vendredi 3 juillet 2020 qu\u2019elle ne rouvrirait pas ses fronti\u00e8res aux voyageurs venant d\u2019Alg\u00e9rie, du Maroc et de Chine tant que ces pays ne laisseront pas entrer les visiteurs venant d\u2019Espagne. Le d\u00e9cret permettant l\u2019ouverture des fronti\u00e8res aux quinze pays figurant sur la liste publi\u00e9e par l\u2019Union europ\u00e9enne le 30 juin [&hellip;]<\/p>\n","protected":false},"author":1740,"featured_media":0,"comment_status":"closed","ping_status":"closed","sticky":false,"template":"","format":"standard","meta":{"fifu_image_url":"","fifu_image_alt":"","footnotes":""},"categories":[53,76],"tags":[],"class_list":["post-91237","post","type-post","status-publish","format-standard","hentry","category-algerie","category-regions"],"_links":{"self":[{"href":"https:\/\/linitiative.ca\/International\/wp-json\/wp\/v2\/posts\/91237","targetHints":{"allow":["GET"]}}],"collection":[{"href":"https:\/\/linitiative.ca\/International\/wp-json\/wp\/v2\/posts"}],"about":[{"href":"https:\/\/linitiative.ca\/International\/wp-json\/wp\/v2\/types\/post"}],"author":[{"embeddable":true,"href":"https:\/\/linitiative.ca\/International\/wp-json\/wp\/v2\/users\/1740"}],"replies":[{"embeddable":true,"href":"https:\/\/linitiative.ca\/International\/wp-json\/wp\/v2\/comments?post=91237"}],"version-history":[{"count":0,"href":"https:\/\/linitiative.ca\/International\/wp-json\/wp\/v2\/posts\/91237\/revisions"}],"wp:attachment":[{"href":"https:\/\/linitiative.ca\/International\/wp-json\/wp\/v2\/media?parent=91237"}],"wp:term":[{"taxonomy":"category","embeddable":true,"href":"https:\/\/linitiative.ca\/International\/wp-json\/wp\/v2\/categories?post=91237"},{"taxonomy":"post_tag","embeddable":true,"href":"https:\/\/linitiative.ca\/International\/wp-json\/wp\/v2\/tags?post=91237"}],"curies":[{"name":"wp","href":"https:\/\/api.w.org\/{rel}","templated":true}]}}