{"id":91239,"date":"2020-07-05T05:06:41","date_gmt":"2020-07-05T09:06:41","guid":{"rendered":"https:\/\/linitiative.ca\/International\/encore-des-centaines-de-cranes-algeriens-conserves-au-museum-de-paris\/"},"modified":"2020-07-05T05:06:41","modified_gmt":"2020-07-05T09:06:41","slug":"encore-des-centaines-de-cranes-algeriens-conserves-au-museum-de-paris","status":"publish","type":"post","link":"https:\/\/linitiative.ca\/International\/encore-des-centaines-de-cranes-algeriens-conserves-au-museum-de-paris\/","title":{"rendered":"Encore des centaines de cr\u00e2nes alg\u00e9riens conserv\u00e9s au Mus\u00e9um de Paris"},"content":{"rendered":"<h4 class=\"title-14\">Vestiges de \u00abla chasse aux cr\u00e2nes\u00bb lanc\u00e9e au milieu du XIXe si\u00e8cle<\/h4>\n<div class=\"featured_image\"><img loading=\"lazy\" decoding=\"async\" width=\"1000\" height=\"667\" src=\"https:\/\/www.elwatan.com\/wp-content\/uploads\/2020\/07\/Cranes.jpg\" class=\"attachment-post-thumbnail size-post-thumbnail wp-post-image\" alt=\"\" srcset=\"https:\/\/www.elwatan.com\/wp-content\/uploads\/2020\/07\/Cranes.jpg 1000w, https:\/\/www.elwatan.com\/wp-content\/uploads\/2020\/07\/Cranes-300x200.jpg 300w, https:\/\/www.elwatan.com\/wp-content\/uploads\/2020\/07\/Cranes-768x512.jpg 768w\" sizes=\"auto, (max-width: 1000px) 100vw, 1000px\"\/><\/div>\n<p class=\"p4\"><span class=\"s1\"><strong>La collection macabre du mus\u00e9e de l\u2019Homme \u00e0 Paris contient certes des cr\u00e2nes de grands r\u00e9sistants au joug colonial, mais aussi ceux de voleurs, bandits (ou pr\u00e9tendus tels), ca\u00efds et hommes pr\u00e9historiques (tr\u00e8s peu nombreux, cependant).<\/strong><\/span><\/p>\n<p class=\"p4\"><span class=\"s1\"><strong>C<\/strong><\/span><span class=\"c5\">ombien de cr\u00e2nes de r\u00e9sistants alg\u00e9riens \u00e0 l\u2019occupation coloniale demeurent dans les sous-sols du Mus\u00e9um de Paris\u00a0? Le fait est que, selon un recensement effectu\u00e9 en avril 2018, le nombre de cr\u00e2nes d\u2019Alg\u00e9riens conserv\u00e9s dans ce mus\u00e9e s\u2019\u00e9l\u00e8ve \u00e0 536, provenant de toutes les r\u00e9gions d\u2019Alg\u00e9rie, mais il est souvent difficile de savoir \u00e0 qui ils appartenaient tant les restes mortuaires ont \u00e9t\u00e9 mal conserv\u00e9s et les fiches d\u2019identification tronqu\u00e9es. Souvent, l\u2019\u00e9tat-civil officiel, l\u2019origine, l\u2019appartenance tribale et lieu du d\u00e9c\u00e8s de ces hommes ne figurent pas dans les donn\u00e9es du Mus\u00e9um de Paris.<\/span><\/p>\n<p class=\"p7\"><span class=\"s1\">La collection macabre du mus\u00e9e de l\u2019Homme \u00e0Paris contient certes des cr\u00e2nes de grands r\u00e9sistants au joug colonial mais aussi ceux de voleurs, bandits (ou pr\u00e9tendus tels), ca\u00efds et hommes pr\u00e9historiques (tr\u00e8s peu nombreux, cependant).<\/span><\/p>\n<p class=\"p7\"><span class=\"s1\">Une commission technique, compos\u00e9e d\u2019experts alg\u00e9riens, a \u00e9t\u00e9 mise en place pour proc\u00e9der \u00e0 l\u2019identification des cr\u00e2nes.\u00a0Il est \u00e0 souligner, \u00e0 ce propos, qu\u2019aucun inventaire d\u00e9taill\u00e9 n\u2019a jamais \u00e9t\u00e9 \u00e9tabli de mani\u00e8re satisfaisante au Mus\u00e9e national d\u2019histoire naturelle (MNHN) de Paris.<\/span><\/p>\n<p class=\"p7\"><span class=\"s1\">A cela s\u2019ajoute le fait que des cr\u00e2nes ont disparu, tel celui d\u2019Al Hassen Bouziane, qui fut d\u00e9capit\u00e9\u00a0le\u00a0mardi\u00a027\u00a0novembre\u00a01849,\u00a0en m\u00eame temps que son p\u00e8re, le cheikh Bouziane, chef de la r\u00e9volte des Zaatcha, et Moussa Al Darkaoui, son compagnon. On raconte qu\u2019un instant avant qu\u2019on le fusille, un soldat l\u2019ayant bouscul\u00e9 un peu rudement avec la crosse de son fusil, Al Hassan, le fils de Bouziane, dit : <em>\u00abJe suis le fils de Bouziane, on tue le fils de Bouziane, on ne le frappe pas.\u00bb<\/em><\/span><\/p>\n<p class=\"p7\"><span class=\"s1\">Dans son ouvrage <em>Boubaghla le sultan \u00e0 la mule grise<\/em>, paru aux \u00e9ditions Thala, Farid Belkadi, historien et anthropologue ayant d\u00e9couvert et r\u00e9v\u00e9l\u00e9 ce scandale, a tent\u00e9 un premier recensement bas\u00e9 sur les informations fragmentaires contenues dans le mus\u00e9e. Il explique que \u00abla chasse aux cr\u00e2nes\u00bb alg\u00e9riens d\u00e9buta au milieu du XIX<sup>e<\/sup> si\u00e8cle, lorsque Georges Cuvier, l\u2019un des principaux naturalistes de cette \u00e9poque, donna le coup d\u2019envoi \u00e0 la collecte de vestiges humains pour le Mus\u00e9um, au nom de la science \u2013 ils ne seront finalement d\u2019aucune utilit\u00e9 reconnue par les savants\u00a0eux-m\u00eames.<\/span><\/p>\n<p class=\"p7\"><span class=\"s1\">Parmi les collectionneurs les plus z\u00e9l\u00e9s figure, notamment, Edmond Vital, directeur de\u00a0l\u2019h\u00f4pital de Constantine, qui affectionnait tout particuli\u00e8rement les t\u00eates coup\u00e9es de prestigieux chefs de diff\u00e9rentes insurrections alg\u00e9riennes. Lorsqu\u2019il mourut \u00e0 Constantine, \u00e0 l\u2019\u00e2ge de 64 ans, en septembre 1874, il l\u00e9gua sa collection \u00e0 son fr\u00e8re, Ren\u00e9-Honorin Vital. Celui-ci fournit au Mus\u00e9um de Paris les cr\u00e2nes des r\u00e9sistants alg\u00e9riens. Les correspondances montrent tout le m\u00e9pris, le cynisme, voire le d\u00e9ni, de la nature humaine des \u00abindig\u00e8nes\u00bb.<\/span><\/p>\n<p class=\"p7\"><span class=\"s1\">Par exemple, le D<sup>r<\/sup> Reboud, qui s\u2019affairait \u00e0 clouer la caisse contenant les t\u00eates de\u00a0r\u00e9sistants alg\u00e9riens, avant\u00a0leur envoi au\u00a0Mus\u00e9um\u00a0de Paris, demanda \u00e0 Ren\u00e9-Honorin Vital s\u2019il\u00a0pouvait\u00a0<em>\u00abenrichir\u00a0l\u2019envoi\u00a0de quelques cr\u00e2nes\u00a0int\u00e9ressants\u00bb<\/em>\u2026 Plus tard, Reboud dira \u00e0 ce propos avoir r\u00e9uni <em>\u00abune s\u00e9rie de t\u00eates de choix et d\u2019une bonne conservation\u00bb<\/em>, provenant en grande partie du Coudiat-Aty, autrement dit le mus\u00e9e de Constantine, \u00e0 ses d\u00e9buts.<\/span><\/p>\n<p class=\"p7\"><span class=\"s1\"><em>\u00abCe terme \u2018\u2018t\u00eates de choix\u2019\u2019 \u00e9voque l\u2019assortiment d\u2019un \u00e9tal\u00a0de boucherie\u00bb<\/em>, commente l\u2019anthropologue Farid Belkadi. Il souligne que tous ces restes ont souffert d\u2019un manque d\u2019entretien patent, du fait de leur r\u00e9tention ant\u00e9rieure dans des lieux inappropri\u00e9s en Alg\u00e9rie, tel le cagibi du domicile de la famille Vidal \u00e0 Constantine. <em>\u00abMus par\u00a0la haine de ces \u2018\u2018gueux\u2019\u2019, selon les propos de Ren\u00e9-Honorin Vital, le fr\u00e8re du collectionneur Auguste-Edmond Vital, ils avaient autre chose \u00e0 faire que de s\u2019int\u00e9resser \u00e0 leurs \u2018\u2018sujets\u2019\u2019. Ce terme \u2018\u2018sujet\u2019\u2019 est employ\u00e9 par les sp\u00e9cialistes du MNHN pour d\u00e9signer\u00a0les restes mortuaires de leurs\u00a0innombrables collections\u00bb<\/em>, pr\u00e9cise Farid Belkadi dans son ouvrage.<\/span><\/p>\n<p class=\"p7\"><span class=\"s1\">D\u2019autres \u00e9l\u00e9ments attestent des pratiques racistes de l\u2019\u00e9poque, \u00e0 l\u2019exemple de ces lettres qui accompagnaient les cr\u00e2nes dans lesquelles l\u2019on peut lire : <em>\u00abSouvenir d\u2019un voyage d\u2019Afrique\u00bb,<\/em> ou dans une\u00a0lettre\u00a0adress\u00e9e\u00a0d\u2019Alger\u00a0au\u00a0MNHN\u00a0le\u00a04 septembre\u00a01850 : <em>\u00abT\u00eate de Kabyle offerte par M.\u00a0le D<sup>r<\/sup> Lacronique, au nom\u00a0des officiers de\u00a0sant\u00e9 militaire d\u2019Alger, \u00e0 M. le professeur Roux\u00bb.<\/em> Dans la collection du MNHN, Farid Belkadi a d\u00e9nombr\u00e9 une quarantaine de restes humains, appartenant \u00e0 de grands noms de la r\u00e9sistance alg\u00e9rienne \u00e0 la colonisation.<\/span><\/p>\n<p class=\"p7\"><span class=\"s1\">Certains de ces restes sont incomplets, il manque le\u00a0maxillaire\u00a0inf\u00e9rieur\u00a0\u00e0\u00a0la\u00a0plupart\u00a0des\u00a0t\u00eates. Il note ainsi la pr\u00e9sence du cr\u00e2ne de Moril Cherfa, <em>\u00abmarabout des montagnes du\u00a0Djurdjura,\u00a0Alg\u00e9rie,\u00a0mort\u00a0\u00e0\u00a0Alger\u00a0le\u00a016\u00a0d\u00e9cembre\u00a01843\u00bb<\/em>. La note de Guyon dit : <em>\u00abMoril Cherfa, Kabyle de 25 \u00e0 28 ans, des\u00a0montagnes\u00a0du\u00a0Djurdjura,\u00a0fait\u00a0prisonnier\u00a0comme\u00a0il parcourait\u00a0le\u00a0pays\u00a0pour\u00a0exciter\u00a0la\u00a0population\u00a0\u00e0\u00a0la\u00a0guerre.\u00bb<\/em><\/span><\/p>\n<p class=\"p7\"><span class=\"s1\">Il y trouve le cr\u00e2ne de Mohamed ben Siar, Kabyle de la tribu des Issers, mort prisonnier de guerre \u00e0 l\u2019h\u00f4pital du Dey, le 13 juin 1837. Mais aussi le cr\u00e2ne\u00a0de\u00a0Cha\u00e2mba\u00a0Monadhi,\u00a0Arabe\u00a0d\u2019El Gol\u00e9a, d\u00e9partement\u00a0d\u2019Alger, provenant de la collection de Fr\u00e9d\u00e9ric\u00a0Weisgerber,\u00a0qui\u00a0pillait\u00a0des tombes isol\u00e9es avant de faire\u00a0parvenir\u00a0leur contenu au Mus\u00e9um, inscrivant la mention suivante \u00e0 propos de Cha\u00e2mba : <em>\u00abCette tombe est situ\u00e9e aupr\u00e8s d\u2019un ancien cimeti\u00e8re dont\u00a0j\u2019ai\u00a0rapport\u00e9\u00a0deux\u00a0squelettes\u00a0complets,\u00a0un\u00a0vieillard et\u00a0une\u00a0jeune femme,\u00a0et\u00a0un\u00a0cr\u00e2ne\u00a0de\u00a0femme\u00a0avec\u00a0ses\u00a0cheveux,\u00a0une\u00a0clavicule\u00a0et\u00a0un\u00a0hum\u00e9rus,\u00a0et\u00a0dont\u00a0je\u00a0fais\u00a0hommage\u00a0\u00e0\u00a0la\u00a0Soci\u00e9t\u00e9.\u00a0Ces\u00a0squelettes\u00a0me\u00a0paraissent\u00a0appartenir aux\u00a0Cha\u00e2mbas.\u00bb<\/em><\/span><\/p>\n<p class=\"p7\"><span class=\"s1\">Farid Belkadi rel\u00e8ve \u00e9galement la pr\u00e9sence d\u2019une t\u00eate d\u2019une petite Alg\u00e9rienne, \u00e2g\u00e9e de\u00a07 ans, de m\u00eame que celles de deux autres indig\u00e8nes qui ont fait le voyage \u00e0 Paris dans un baril usag\u00e9, o\u00f9 avaient \u00e9t\u00e9\u00a0plac\u00e9s une t\u00eate de poule et le cadavre d\u2019une tortue morte.<\/span><\/p>\n<p class=\"p7\"><span class=\"s1\">Il note, par ailleurs, la pr\u00e9sence d\u2019une t\u00eate anonyme d\u2019un\u00a0Alg\u00e9rien\u00a0conserv\u00e9e\u00a0par\u00a0le\u00a0mercure\u00a0et\u00a0la dessiccation\u00a0solaire,\u00a0don\u00a0de\u00a0M.\u00a0P\u00e9rier\u00a0\u00e0\u00a0la\u00a0Soci\u00e9t\u00e9 d\u2019anthropologie de Paris, portant la mention suivante\u00a0: <em>\u00abVoici maintenant une t\u00eate arabe, celle d\u2019un jeune guerrier de la tribu des Hadjout, coup\u00e9e aux environs d\u2019Alger le 7 mars 1839. J\u2019\u00e9tais alors chirurgien du bureau arabe d\u2019Alger et je dois dire comment cette t\u00eate vint en ma possession. Les Hadjout, tribu\u00a0r\u00e9volt\u00e9e, faisaient des\u00a0incursions jusque dans la Mitidja, et terrifiaient toute la contr\u00e9e.<\/em><\/span><\/p>\n<p class=\"p7\"><span class=\"s1\"><em>Nos gendarmes maures\u00a0(cavalerie\u00a0du\u00a0bureau\u00a0arabe)\u00a0\u00e9taient\u00a0sans\u00a0cesse\u00a0en campagne dans le but de surprendre ces redoutables maraudeurs, et quand il y avait des rencontres, malheur aux vaincus. Un\u00a0jour,\u00a0ils\u00a0coup\u00e8rent\u00a0trois\u00a0t\u00eates,\u00a0qu\u2019ils\u00a0rapport\u00e8rent\u00a0dans\u00a0un\u00a0sac. J\u2019en\u00a0demandai\u00a0une\u00a0au\u00a0directeur\u00a0des\u00a0affaires\u00a0arabes,\u00a0le commandant P\u00e9lissier, et, voulant la conserver, je r\u00e9solus de la dess\u00e9cher\u00a0en\u00a0la\u00a0momifiant.\u00bb<\/em><\/span><\/p>\n<p class=\"p7\"><span class=\"s1\">D\u2019autres cr\u00e2nes conservent encore leur myst\u00e8re, tels que cette t\u00eate d\u2019une femme portant l\u2019inscription\u00a0: <em>\u00abSorci\u00e8re de Blida. Donn\u00e9e\u00a0par\u00a0le\u00a0D<sup>r<\/sup>\u00a0Caffe<\/em> <em>(1854), Alg\u00e9rie.\u00bb<\/em><\/span><\/p>\n<p class=\"p7\"><span class=\"s1\">Vendredi dernier, l\u2019Etat alg\u00e9rien a rapatri\u00e9 les restes mortuaires de 24 r\u00e9sistants alg\u00e9riens, dont six chefs \u00e0 la r\u00e9sistance populaire contre l\u2019occupation fran\u00e7aise. Il s\u2019agit notamment de la t\u00eate momifi\u00e9e de Aissa Al Hamadi, compagnon de Cherif Boubaghla, le cr\u00e2ne de Cherif Boubaghla, dit le borgne, celui de Bouziane, chef de la r\u00e9volte de l\u2019oasis des Za\u00e2tchas, le cr\u00e2ne de Si Moussa, compagnon de Bouziane, celui de Cherif Boukdida, dit Bouamar Ben Kdida, le cr\u00e2ne de Mokhtar Ben Kouider Al Titraoui ainsi que 11 autres cr\u00e2nes de r\u00e9sistants alg\u00e9riens, dont le cr\u00e2ne de Sa\u00efd, un marabout d\u00e9capit\u00e9 en 1841 \u00e0 Bab Elloum, Alger-Centre, le cr\u00e2ne non identifi\u00e9 d\u2019une personne d\u00e9capit\u00e9e en 1841, celui de Amar Bensliman, Alger-Centre, le cr\u00e2ne de Mohamed Ben El Hadj, \u00e2g\u00e9 entre 17 et 18 ans, de la grande tribu de Beni Menacer, celui de Belkacem Ben Mohamed El Djenadi, le cr\u00e2ne de Ali Khelifa Ben Mohamed, 26 ans, d\u00e9c\u00e9d\u00e9 \u00e0 Alger le 31 d\u00e9cembre 1838.<\/span><\/p>\n<p class=\"p7\"><span class=\"s1\">Le communiqu\u00e9 officiel mentionne le fait que neuf autres cr\u00e2nes de r\u00e9sistants n\u2019ont pas pu \u00eatre identifi\u00e9s, \u00e0 l\u2019heure actuelle, par le comit\u00e9 scientifique qui poursuit, n\u00e9anmoins, son travail en vue de leur identification.<\/span> <span class=\"s1\">Il est \u00e0 noter que le mus\u00e9e de l\u2019Homme \u00e0 Paris conserve approximativement\u00a030\u00a0000 restes humains, dont des cr\u00e2nes originaires de plusieurs parties du monde, group\u00e9s\u00a0par\u00a0milliers,\u00a0par\u00a0nationalit\u00e9,\u00a0dans\u00a0des\u00a0armoires m\u00e9talliques,\u00a0dont les\u00a0s\u00fbret\u00e9s\u00a0sont crypt\u00e9es<strong>.<\/strong><\/span><\/p>\n<p><span class=\"post-views-label\">Post Views:<\/span> <span class=\"post-views-count\">160<\/span><\/p>\n<p><br class=\"c2\"\/><br class=\"c7\"\/><\/p>\n<p>Auteur: Anis Khecheba<br \/>\n<a href=\"https:\/\/www.elwatan.com\/edition\/actualite\/encore-des-centaines-de-cranes-algeriens-conserves-au-museum-de-paris-05-07-2020\">Cliquez ici pour lire l&rsquo;article depuis sa source.<\/a><\/p>\n","protected":false},"excerpt":{"rendered":"<p>Vestiges de \u00abla chasse aux cr\u00e2nes\u00bb lanc\u00e9e au milieu du XIXe si\u00e8cle La collection macabre du mus\u00e9e de l\u2019Homme \u00e0 Paris contient certes des cr\u00e2nes de grands r\u00e9sistants au joug colonial, mais aussi ceux de voleurs, bandits (ou pr\u00e9tendus tels), ca\u00efds et hommes pr\u00e9historiques (tr\u00e8s peu nombreux, cependant). Combien de cr\u00e2nes de r\u00e9sistants alg\u00e9riens \u00e0 [&hellip;]<\/p>\n","protected":false},"author":1743,"featured_media":91246,"comment_status":"closed","ping_status":"closed","sticky":false,"template":"","format":"standard","meta":{"fifu_image_url":"","fifu_image_alt":"","footnotes":""},"categories":[73,53],"tags":[],"class_list":["post-91239","post","type-post","status-publish","format-standard","has-post-thumbnail","hentry","category-actualite","category-algerie"],"_links":{"self":[{"href":"https:\/\/linitiative.ca\/International\/wp-json\/wp\/v2\/posts\/91239","targetHints":{"allow":["GET"]}}],"collection":[{"href":"https:\/\/linitiative.ca\/International\/wp-json\/wp\/v2\/posts"}],"about":[{"href":"https:\/\/linitiative.ca\/International\/wp-json\/wp\/v2\/types\/post"}],"author":[{"embeddable":true,"href":"https:\/\/linitiative.ca\/International\/wp-json\/wp\/v2\/users\/1743"}],"replies":[{"embeddable":true,"href":"https:\/\/linitiative.ca\/International\/wp-json\/wp\/v2\/comments?post=91239"}],"version-history":[{"count":0,"href":"https:\/\/linitiative.ca\/International\/wp-json\/wp\/v2\/posts\/91239\/revisions"}],"wp:featuredmedia":[{"embeddable":true,"href":"https:\/\/linitiative.ca\/International\/wp-json\/"}],"wp:attachment":[{"href":"https:\/\/linitiative.ca\/International\/wp-json\/wp\/v2\/media?parent=91239"}],"wp:term":[{"taxonomy":"category","embeddable":true,"href":"https:\/\/linitiative.ca\/International\/wp-json\/wp\/v2\/categories?post=91239"},{"taxonomy":"post_tag","embeddable":true,"href":"https:\/\/linitiative.ca\/International\/wp-json\/wp\/v2\/tags?post=91239"}],"curies":[{"name":"wp","href":"https:\/\/api.w.org\/{rel}","templated":true}]}}