{"id":91240,"date":"2020-07-05T09:05:29","date_gmt":"2020-07-05T13:05:29","guid":{"rendered":"https:\/\/linitiative.ca\/International\/pros-naples-ghoulam-evoque-son-avenir\/"},"modified":"2020-07-05T09:05:29","modified_gmt":"2020-07-05T13:05:29","slug":"pros-naples-ghoulam-evoque-son-avenir","status":"publish","type":"post","link":"https:\/\/linitiative.ca\/International\/pros-naples-ghoulam-evoque-son-avenir\/","title":{"rendered":"Pros : Naples: Ghoulam \u00e9voque son avenir"},"content":{"rendered":"<div readability=\"32\">\n<p>Auteur : <span>Riad Ouenzar<\/span> <span class=\"time\">dimanche 05 juillet 2020 12:01<\/span><\/p>\n<\/div>\n<div id=\"post_core\" readability=\"41\">\n<p>Le lat\u00e9ral gauche, Faouzi Ghoulam s\u2019est exprim\u00e9 sur son avenir, affirmant qu\u2019il est encore li\u00e9 par un contrat avec son club du Napoli. Dans une d\u00e9claration faites \u00e0 Sky Sports, Ghoulam a \u00e9voqu\u00e9 le sujet en pr\u00e9cisant\u00a0:\u00a0\u00abIl me reste encore deux ans de contrat avec mon club de Naples.\u00bb a-t-il d\u00e9clar\u00e9, avant d\u2019ajouter\u00a0:\u00a0\u00abLe plus important pour moi actuellement est de retrouver mon meilleur niveau.\u00bb Ghoulam a \u00e9galement expliqu\u00e9 avoir la confiance de son coach\u00a0:\u00a0\u00abJe sais que j\u2019ai la confiance du coach. Donc, rien d\u2019autre ne m\u2019int\u00e9resse. Apr\u00e8s une longue absence des terrains, mon objectif est de retrouver le pl\u00e9nitude de mes moyens.\u00bb<\/p>\n<p><strong>Publi\u00e9 dans :<\/strong> <span>ghoulam<\/span><\/p>\n<\/div>\n<p>Auteur:<br \/>\n<a href=\"http:\/\/www.lebuteur.com\/article\/detail?titre=naples-ghoulam-evoque-son-avenir&#038;id=96500&#038;utm_source=feedburner&#038;utm_medium=feed&#038;utm_campaign=Feed%3A+GalerieFArtciles+%28Les+derniers+articles++-+lebuteur.com%29\">Cliquez ici pour lire l&rsquo;article depuis sa source.<\/a><\/p>\n","protected":false},"excerpt":{"rendered":"<p>Auteur : Riad Ouenzar dimanche 05 juillet 2020 12:01 Le lat\u00e9ral gauche, Faouzi Ghoulam s\u2019est exprim\u00e9 sur son avenir, affirmant qu\u2019il est encore li\u00e9 par un contrat avec son club du Napoli. Dans une d\u00e9claration faites \u00e0 Sky Sports, Ghoulam a \u00e9voqu\u00e9 le sujet en pr\u00e9cisant\u00a0:\u00a0\u00abIl me reste encore deux ans de contrat avec mon [&hellip;]<\/p>\n","protected":false},"author":1738,"featured_media":91244,"comment_status":"closed","ping_status":"closed","sticky":false,"template":"","format":"standard","meta":{"fifu_image_url":"","fifu_image_alt":"","footnotes":""},"categories":[53,75],"tags":[],"class_list":["post-91240","post","type-post","status-publish","format-standard","has-post-thumbnail","hentry","category-algerie","category-sport"],"_links":{"self":[{"href":"https:\/\/linitiative.ca\/International\/wp-json\/wp\/v2\/posts\/91240","targetHints":{"allow":["GET"]}}],"collection":[{"href":"https:\/\/linitiative.ca\/International\/wp-json\/wp\/v2\/posts"}],"about":[{"href":"https:\/\/linitiative.ca\/International\/wp-json\/wp\/v2\/types\/post"}],"author":[{"embeddable":true,"href":"https:\/\/linitiative.ca\/International\/wp-json\/wp\/v2\/users\/1738"}],"replies":[{"embeddable":true,"href":"https:\/\/linitiative.ca\/International\/wp-json\/wp\/v2\/comments?post=91240"}],"version-history":[{"count":0,"href":"https:\/\/linitiative.ca\/International\/wp-json\/wp\/v2\/posts\/91240\/revisions"}],"wp:featuredmedia":[{"embeddable":true,"href":"https:\/\/linitiative.ca\/International\/wp-json\/"}],"wp:attachment":[{"href":"https:\/\/linitiative.ca\/International\/wp-json\/wp\/v2\/media?parent=91240"}],"wp:term":[{"taxonomy":"category","embeddable":true,"href":"https:\/\/linitiative.ca\/International\/wp-json\/wp\/v2\/categories?post=91240"},{"taxonomy":"post_tag","embeddable":true,"href":"https:\/\/linitiative.ca\/International\/wp-json\/wp\/v2\/tags?post=91240"}],"curies":[{"name":"wp","href":"https:\/\/api.w.org\/{rel}","templated":true}]}}