{"id":91242,"date":"2020-07-05T05:21:52","date_gmt":"2020-07-05T09:21:52","guid":{"rendered":"https:\/\/linitiative.ca\/International\/coronavirus-310-nouveaux-cas-confirmes-au-maroc-14-132-au-total\/"},"modified":"2020-07-05T05:21:52","modified_gmt":"2020-07-05T09:21:52","slug":"coronavirus-310-nouveaux-cas-confirmes-au-maroc-14-132-au-total","status":"publish","type":"post","link":"https:\/\/linitiative.ca\/International\/coronavirus-310-nouveaux-cas-confirmes-au-maroc-14-132-au-total\/","title":{"rendered":"Coronavirus : 310 nouveaux cas confirm\u00e9s au Maroc, 14.132 au total"},"content":{"rendered":"<header>\n<\/header>\n<div class=\"entry-content clearfix\" readability=\"52\"><img decoding=\"async\" class=\"post_layout_5_img\" src=\"http:\/\/aujourdhui.ma\/wp-content\/uploads\/2020\/04\/Coronavirus-Masque-covid-19.jpg\" alt=\"Coronavirus : 310 nouveaux cas confirm&#xE9;s au Maroc, 14.132 au total\"\/><\/p>\n<p><span class=\"c6\"><span class=\"c5\"><strong>Trois-cent-dix nouveaux cas d\u2019infection au nouveau coronavirus (Covid-19) ont \u00e9t\u00e9 confirm\u00e9s au Maroc\u00a0 jusqu\u2019\u00e0 dimanche \u00e0 10h00, portant \u00e0 14.132 le nombre total des cas de contamination, a annonc\u00e9 le minist\u00e8re de la Sant\u00e9.<\/strong><\/span><span id=\"more-349671\"\/><\/span><\/p>\n<p>Le nombre de cas gu\u00e9ris s\u2019\u00e9l\u00e8ve \u00e0 9.410 avec 81 nouvelles r\u00e9missions, alors que celui des d\u00e9c\u00e8s est pass\u00e9 \u00e0 234 avec deux nouveaux cas enregistr\u00e9s, pr\u00e9cise le minist\u00e8re sur le portail \u00ab\u00a0<span class=\"c7\"><strong>www.covidmaroc.ma<\/strong><\/span>\u00ab\u00a0.<\/p>\n<p>Par ailleurs, le nombre des cas exclus apr\u00e8s des r\u00e9sultats n\u00e9gatifs d\u2019analyses effectu\u00e9es au laboratoire s\u2019\u00e9tablit \u00e0 739.908, selon la m\u00eame source.<\/p>\n<p>Le minist\u00e8re invite les citoyens \u00e0 respecter les r\u00e8gles d\u2019hygi\u00e8ne et de s\u00e9curit\u00e9 sanitaire ainsi que les mesures pr\u00e9ventives \u00e9dict\u00e9es par les autorit\u00e9s marocaines, en faisant preuve de responsabilit\u00e9 et de patriotisme.<\/p>\n<p><a href=\"https:http:\/\/aujourdhui.ma\/wp-content\/uploads\/2020\/07\/bilan-coronavirus-0507202010h.jpeg\"><img loading=\"lazy\" decoding=\"async\" class=\"alignnone size-full wp-image-349672\" src=\"http:\/\/aujourdhui.ma\/wp-content\/uploads\/2020\/07\/bilan-coronavirus-0507202010h.jpeg\" alt=\"\" width=\"795\" height=\"1280\" srcset=\"http:\/\/aujourdhui.ma\/wp-content\/uploads\/2020\/07\/bilan-coronavirus-0507202010h.jpeg 795w, \/\/aujourdhui.ma\/wp-content\/uploads\/2020\/07\/bilan-coronavirus-0507202010h-186x300.jpeg 186w, \/\/aujourdhui.ma\/wp-content\/uploads\/2020\/07\/bilan-coronavirus-0507202010h-636x1024.jpeg 636w, \/\/aujourdhui.ma\/wp-content\/uploads\/2020\/07\/bilan-coronavirus-0507202010h-768x1237.jpeg 768w\" sizes=\"auto, (max-width: 795px) 100vw, 795px\"\/><\/a><\/p>\n<\/div>\n<p>Auteur: ALM<br \/>\n<a href=\"https:\/\/aujourdhui.ma\/societe\/coronavirus-310-nouveaux-cas-confirmes-au-maroc-14-132-au-total\">Cliquez ici pour lire l&rsquo;article depuis sa source.<\/a><\/p>\n","protected":false},"excerpt":{"rendered":"<p>Trois-cent-dix nouveaux cas d\u2019infection au nouveau coronavirus (Covid-19) ont \u00e9t\u00e9 confirm\u00e9s au Maroc\u00a0 jusqu\u2019\u00e0 dimanche \u00e0 10h00, portant \u00e0 14.132 le nombre total des cas de contamination, a annonc\u00e9 le minist\u00e8re de la Sant\u00e9. Le nombre de cas gu\u00e9ris s\u2019\u00e9l\u00e8ve \u00e0 9.410 avec 81 nouvelles r\u00e9missions, alors que celui des d\u00e9c\u00e8s est pass\u00e9 \u00e0 234 [&hellip;]<\/p>\n","protected":false},"author":1759,"featured_media":91247,"comment_status":"closed","ping_status":"closed","sticky":false,"template":"","format":"standard","meta":{"fifu_image_url":"","fifu_image_alt":"","footnotes":""},"categories":[73,54],"tags":[],"class_list":["post-91242","post","type-post","status-publish","format-standard","has-post-thumbnail","hentry","category-actualite","category-maroc"],"_links":{"self":[{"href":"https:\/\/linitiative.ca\/International\/wp-json\/wp\/v2\/posts\/91242","targetHints":{"allow":["GET"]}}],"collection":[{"href":"https:\/\/linitiative.ca\/International\/wp-json\/wp\/v2\/posts"}],"about":[{"href":"https:\/\/linitiative.ca\/International\/wp-json\/wp\/v2\/types\/post"}],"author":[{"embeddable":true,"href":"https:\/\/linitiative.ca\/International\/wp-json\/wp\/v2\/users\/1759"}],"replies":[{"embeddable":true,"href":"https:\/\/linitiative.ca\/International\/wp-json\/wp\/v2\/comments?post=91242"}],"version-history":[{"count":0,"href":"https:\/\/linitiative.ca\/International\/wp-json\/wp\/v2\/posts\/91242\/revisions"}],"wp:featuredmedia":[{"embeddable":true,"href":"https:\/\/linitiative.ca\/International\/wp-json\/"}],"wp:attachment":[{"href":"https:\/\/linitiative.ca\/International\/wp-json\/wp\/v2\/media?parent=91242"}],"wp:term":[{"taxonomy":"category","embeddable":true,"href":"https:\/\/linitiative.ca\/International\/wp-json\/wp\/v2\/categories?post=91242"},{"taxonomy":"post_tag","embeddable":true,"href":"https:\/\/linitiative.ca\/International\/wp-json\/wp\/v2\/tags?post=91242"}],"curies":[{"name":"wp","href":"https:\/\/api.w.org\/{rel}","templated":true}]}}