{"id":91248,"date":"2020-07-05T09:05:32","date_gmt":"2020-07-05T13:05:32","guid":{"rendered":"https:\/\/linitiative.ca\/International\/international-real-les-stats-impressionnantes-de-sergio-ramos\/"},"modified":"2020-07-05T09:05:32","modified_gmt":"2020-07-05T13:05:32","slug":"international-real-les-stats-impressionnantes-de-sergio-ramos","status":"publish","type":"post","link":"https:\/\/linitiative.ca\/International\/international-real-les-stats-impressionnantes-de-sergio-ramos\/","title":{"rendered":"International : Real : Les stats impressionnantes de Sergio Ramos"},"content":{"rendered":"<div readability=\"32\">\n<p>Auteur : <span class=\"time\">dimanche 05 juillet 2020 12:49<\/span><\/p>\n<\/div>\n<div id=\"post_core\" readability=\"57\">\n<p>Et le moins que l&rsquo;on puisse dire est que le capitaine espagnol du Real Madrid (34 ans) n&rsquo;est pas un d\u00e9fenseur comme les autres\u00a0: depuis ses d\u00e9buts chez les professionnels, en 2004, il a marqu\u00e9 70 buts en Liga, au moins deux fois plus que n&rsquo;importe quel autre d\u00e9fenseur en activit\u00e9 dans les cinq grands Championnats europ\u00e9ens comme l&rsquo;indique France Football.<\/p>\n<p>Au XXIe\u00a0si\u00e8cle, Ramos est m\u00eame le seul d\u00e9fenseur \u00e0 avoir d\u00e9pass\u00e9 les 50 buts inscrits en Championnat (95 toutes comp\u00e9titions confondues), loin devant le Br\u00e9silien Naldo (46 en Bundesliga avec Br\u00eame, Wolfsbourg et Schalke) et l&rsquo;Anglais John Terry (41 en Premier League avec Chelsea). Il en a d\u00e9j\u00e0 marqu\u00e9 4 depuis la reprise de la Liga le mois dernier, le dernier contre Getafe (1-0) jeudi. Un luxe dans la qu\u00eate du titre de champion d&rsquo;Espagne.<\/p>\n<p>Ramos est un buteur complet, capable de frapper de l&rsquo;int\u00e9rieur de la surface (65 buts en Championnat) comme sur coup franc direct (4)\u00a0; de la t\u00eate (38 buts), un de ses principaux atouts, comme de ses pieds (29 du droit, 3 du gauche). Et \u00e0 domicile (41) comme \u00e0 l&rsquo;ext\u00e9rieur (29).<\/p>\n<p><strong>Publi\u00e9 dans :<\/strong> <span>real madrid<\/span><\/p>\n<\/div>\n<p>Auteur:<br \/>\n<a href=\"http:\/\/www.lebuteur.com\/article\/detail?titre=real-les-stats-impressionnantes-de-sergio-ramos&#038;id=96501&#038;utm_source=feedburner&#038;utm_medium=feed&#038;utm_campaign=Feed%3A+GalerieFArtciles+%28Les+derniers+articles++-+lebuteur.com%29\">Cliquez ici pour lire l&rsquo;article depuis sa source.<\/a><\/p>\n","protected":false},"excerpt":{"rendered":"<p>Auteur : dimanche 05 juillet 2020 12:49 Et le moins que l&rsquo;on puisse dire est que le capitaine espagnol du Real Madrid (34 ans) n&rsquo;est pas un d\u00e9fenseur comme les autres\u00a0: depuis ses d\u00e9buts chez les professionnels, en 2004, il a marqu\u00e9 70 buts en Liga, au moins deux fois plus que n&rsquo;importe quel autre [&hellip;]<\/p>\n","protected":false},"author":1738,"featured_media":91250,"comment_status":"closed","ping_status":"closed","sticky":false,"template":"","format":"standard","meta":{"fifu_image_url":"","fifu_image_alt":"","footnotes":""},"categories":[53,75],"tags":[],"class_list":["post-91248","post","type-post","status-publish","format-standard","has-post-thumbnail","hentry","category-algerie","category-sport"],"_links":{"self":[{"href":"https:\/\/linitiative.ca\/International\/wp-json\/wp\/v2\/posts\/91248","targetHints":{"allow":["GET"]}}],"collection":[{"href":"https:\/\/linitiative.ca\/International\/wp-json\/wp\/v2\/posts"}],"about":[{"href":"https:\/\/linitiative.ca\/International\/wp-json\/wp\/v2\/types\/post"}],"author":[{"embeddable":true,"href":"https:\/\/linitiative.ca\/International\/wp-json\/wp\/v2\/users\/1738"}],"replies":[{"embeddable":true,"href":"https:\/\/linitiative.ca\/International\/wp-json\/wp\/v2\/comments?post=91248"}],"version-history":[{"count":0,"href":"https:\/\/linitiative.ca\/International\/wp-json\/wp\/v2\/posts\/91248\/revisions"}],"wp:featuredmedia":[{"embeddable":true,"href":"https:\/\/linitiative.ca\/International\/wp-json\/"}],"wp:attachment":[{"href":"https:\/\/linitiative.ca\/International\/wp-json\/wp\/v2\/media?parent=91248"}],"wp:term":[{"taxonomy":"category","embeddable":true,"href":"https:\/\/linitiative.ca\/International\/wp-json\/wp\/v2\/categories?post=91248"},{"taxonomy":"post_tag","embeddable":true,"href":"https:\/\/linitiative.ca\/International\/wp-json\/wp\/v2\/tags?post=91248"}],"curies":[{"name":"wp","href":"https:\/\/api.w.org\/{rel}","templated":true}]}}