{"id":91251,"date":"2020-07-04T19:00:00","date_gmt":"2020-07-04T23:00:00","guid":{"rendered":"https:\/\/linitiative.ca\/International\/lutte-contre-le-coronavirus-le-president-tebboune-nexclut-pas-un-durcissement-du-confinement\/"},"modified":"2020-07-04T19:00:00","modified_gmt":"2020-07-04T23:00:00","slug":"lutte-contre-le-coronavirus-le-president-tebboune-nexclut-pas-un-durcissement-du-confinement","status":"publish","type":"post","link":"https:\/\/linitiative.ca\/International\/lutte-contre-le-coronavirus-le-president-tebboune-nexclut-pas-un-durcissement-du-confinement\/","title":{"rendered":"Lutte contre le Coronavirus :  Le Pr\u00e9sident Tebboune n\u2019exclut pas  un durcissement du confinement"},"content":{"rendered":"<div class=\"TxArtcile\" readability=\"34\">\n<div class=\"ImgCapt\"><img loading=\"lazy\" decoding=\"async\" width=\"208\" height=\"208\" src=\"http:\/\/www.elmoudjahid.com\/temp\/fr\/actualite2[155940].jpg\" alt=\"\" \/><span>D.R<\/span><\/div>\n<p>\u00abNous ex\u00e9cutons les recommandations de la Commission scientifique. Si elle voit qu\u2019il est imp\u00e9ratif d\u2019aller vers un confinement partiel, dans quelques villes ou quartiers, on le fera\u00bb, a-t-il d\u00e9clar\u00e9 dans une interview \u00e0 la cha\u00eene fran\u00e7aise France 24. Le Pr\u00e9sident Tebboune a ajout\u00e9 qu\u2019il \u00abs\u2019attendait un peu \u00e0 la progression\u00bb des cas de contamination, souhaitant que \u00abcela s\u2019arr\u00eate et que les mesures prises par la Commission scientifique soient respect\u00e9es par les citoyens\u00bb. \u00abParfois, les traditions ont pris le pas sur les recommandations de la Commission scientifique. Nous avons constat\u00e9 que la progression, qui para\u00eet \u00e0 la limite acceptable, est due beaucoup plus \u00e0 des contacts familiaux, mariages, circoncisions et autres&#8230;\u00bb, a-t-il d\u00e9plor\u00e9, avant de souligner \u00abavoir lanc\u00e9 un appel et demand\u00e9 \u00e0 tous les responsables locaux et autres afin d\u2019interdire ce genre de regroupements dans des endroits clos\u00bb. Il a, en outre, regrett\u00e9 que \u00abparfois quelques jeunes ne croient pas au Covid-19 tant qu\u2019ils ne l\u2019ont pas vu de leurs propres yeux et pensent que c\u2019est un spectre qu\u2019on utilise pour essayer de les emp\u00eacher de s\u2019exprimer\u00bb, relevant, toutefois, que \u00abcela commence \u00e0 changer\u00bb. \u00abFaut-il ouvrir partiellement ou pas les fronti\u00e8res, l\u2019environnement g\u00e9ographique a opt\u00e9 pour le d\u00e9confinement total bien que les chiffres des contaminations et des d\u00e9c\u00e8s soient \u00e9lev\u00e9s. Nous allons en fonction de nos capacit\u00e9s et de notre crainte voir les chiffres s\u2019\u00e9lever encore plus\u00bb, a, par ailleurs, r\u00e9torqu\u00e9 le Pr\u00e9sident de la R\u00e9publique, s\u2019agissant de la question de r\u00e9ouverture ou pas des fronti\u00e8res.\u00a0 Tout en rappelant que 32 vols quotidiens relient l\u2019Alg\u00e9rie et la France, il a tenu \u00e0 pr\u00e9ciser que \u00abtoute personne qui entre en Alg\u00e9rie, est soumise durant 14 jours \u00e0 un confinement total\u00bb, rappelant qu\u2019entre 40 et 50 Alg\u00e9riens rapatri\u00e9s de l\u2019\u00e9tranger ont \u00e9t\u00e9 d\u00e9clar\u00e9s positifs apr\u00e8s avoir \u00e9t\u00e9 soumis \u00e0 cette mesure.<\/p>\n<\/div>\n<div class=\"ModliArtilUne\">\n<ul>\n<li><strong>Publi\u00e9 dans :<\/strong><\/li>\n<\/ul>\n<\/div>\n<div class=\"MbComIns\" id=\"newcom\" readability=\"5.6940298507463\">\n<h6>DONNEZ VOTRE AVIS<\/h6>\n<p>Il n&rsquo;y a actuellement aucune r\u00e9action \u00e0 cette information. Soyez le premier \u00e0 r\u00e9agir !<\/p>\n<p><a href=\"\" rel=\"#popup\" class=\"login resetbutton\">Identifiez-vous<\/a><a class=\"button\" href=\"http:\/\/www.elmoudjahid.com\/fr\/inscription\/\"><span>S&rsquo;inscrire<\/span><\/a><\/p>\n<\/div>\n<p>Auteur: elmoudjahid<br \/>\n<a href=\"http:\/\/www.elmoudjahid.com\/fr\/actualites\/155940\">Cliquez ici pour lire l&rsquo;article depuis sa source.<\/a><\/p>\n","protected":false},"excerpt":{"rendered":"<p>D.R \u00abNous ex\u00e9cutons les recommandations de la Commission scientifique. Si elle voit qu\u2019il est imp\u00e9ratif d\u2019aller vers un confinement partiel, dans quelques villes ou quartiers, on le fera\u00bb, a-t-il d\u00e9clar\u00e9 dans une interview \u00e0 la cha\u00eene fran\u00e7aise France 24. Le Pr\u00e9sident Tebboune a ajout\u00e9 qu\u2019il \u00abs\u2019attendait un peu \u00e0 la progression\u00bb des cas de contamination, [&hellip;]<\/p>\n","protected":false},"author":1744,"featured_media":91254,"comment_status":"closed","ping_status":"closed","sticky":false,"template":"","format":"standard","meta":{"fifu_image_url":"","fifu_image_alt":"","footnotes":""},"categories":[73,53],"tags":[],"class_list":["post-91251","post","type-post","status-publish","format-standard","has-post-thumbnail","hentry","category-actualite","category-algerie"],"_links":{"self":[{"href":"https:\/\/linitiative.ca\/International\/wp-json\/wp\/v2\/posts\/91251","targetHints":{"allow":["GET"]}}],"collection":[{"href":"https:\/\/linitiative.ca\/International\/wp-json\/wp\/v2\/posts"}],"about":[{"href":"https:\/\/linitiative.ca\/International\/wp-json\/wp\/v2\/types\/post"}],"author":[{"embeddable":true,"href":"https:\/\/linitiative.ca\/International\/wp-json\/wp\/v2\/users\/1744"}],"replies":[{"embeddable":true,"href":"https:\/\/linitiative.ca\/International\/wp-json\/wp\/v2\/comments?post=91251"}],"version-history":[{"count":0,"href":"https:\/\/linitiative.ca\/International\/wp-json\/wp\/v2\/posts\/91251\/revisions"}],"wp:featuredmedia":[{"embeddable":true,"href":"https:\/\/linitiative.ca\/International\/wp-json\/"}],"wp:attachment":[{"href":"https:\/\/linitiative.ca\/International\/wp-json\/wp\/v2\/media?parent=91251"}],"wp:term":[{"taxonomy":"category","embeddable":true,"href":"https:\/\/linitiative.ca\/International\/wp-json\/wp\/v2\/categories?post=91251"},{"taxonomy":"post_tag","embeddable":true,"href":"https:\/\/linitiative.ca\/International\/wp-json\/wp\/v2\/tags?post=91251"}],"curies":[{"name":"wp","href":"https:\/\/api.w.org\/{rel}","templated":true}]}}