{"id":91258,"date":"2020-07-05T05:08:15","date_gmt":"2020-07-05T09:08:15","guid":{"rendered":"https:\/\/linitiative.ca\/International\/26-deces-et-1515-cas-infectes-dans-le-secteur-de-la-sante-le-lourd-tribut-du-corps-soignant\/"},"modified":"2020-07-05T05:08:15","modified_gmt":"2020-07-05T09:08:15","slug":"26-deces-et-1515-cas-infectes-dans-le-secteur-de-la-sante-le-lourd-tribut-du-corps-soignant","status":"publish","type":"post","link":"https:\/\/linitiative.ca\/International\/26-deces-et-1515-cas-infectes-dans-le-secteur-de-la-sante-le-lourd-tribut-du-corps-soignant\/","title":{"rendered":"26 d\u00e9c\u00e8s et 1515 cas infect\u00e9s dans le secteur de la sant\u00e9 : Le lourd tribut du corps soignant"},"content":{"rendered":"<h4 class=\"title-14\"\/>\n<div class=\"featured_image\"><img loading=\"lazy\" decoding=\"async\" width=\"800\" height=\"371\" src=\"https:\/\/www.elwatan.com\/wp-content\/uploads\/2020\/07\/UNEEEEE-1.jpg\" class=\"attachment-post-thumbnail size-post-thumbnail wp-post-image\" alt=\"\" srcset=\"https:\/\/www.elwatan.com\/wp-content\/uploads\/2020\/07\/UNEEEEE-1.jpg 800w, https:\/\/www.elwatan.com\/wp-content\/uploads\/2020\/07\/UNEEEEE-1-300x139.jpg 300w, https:\/\/www.elwatan.com\/wp-content\/uploads\/2020\/07\/UNEEEEE-1-768x356.jpg 768w\" sizes=\"auto, (max-width: 800px) 100vw, 800px\"\/><\/div>\n<p class=\"p1\">E<span class=\"s1\">n premi\u00e8re ligne depuis le d\u00e9but de l\u2019\u00e9pid\u00e9mie en f\u00e9vrier dernier, les travailleurs du secteur de la sant\u00e9 continuent de faire face \u00e0 un virus invisible qui s\u00e9vit avec des pertes quotidiennes dans leurs rangs. Ils sont pr\u00e8s de 1515 \u00e0 \u00eatre atteints par la Covid-19 et 26 personnes sont d\u00e9c\u00e9d\u00e9es, dont des m\u00e9decins, infirmiers et ambulanciers.<\/span><\/p>\n<p class=\"p1\"><span class=\"s1\">Prise \u00e0 bras-le-corps d\u00e8s l\u2019apparition des premiers cas de Covid-19 dans la wilaya de Blida, cette \u00e9pid\u00e9mie a aussi atteint le mental de ces femmes et hommes confront\u00e9s \u00e0 un stress incommensurable.<\/span><\/p>\n<p class=\"p1\"><span class=\"s1\">Ils sont nombreux \u00e0 redouter ce nouveau pic de la pand\u00e9mie alors que des signes d\u2019\u00e9puisement sont d\u00e9j\u00e0 l\u00e0. Ce qui risque de compliquer d\u2019avantage la situation. <em>\u00abNous avons enregistr\u00e9, depuis le d\u00e9but de l\u2019\u00e9pid\u00e9mie, pr\u00e8s d\u2019une vingtaine de personnes atteintes de coronavirus, parmi lesquelles des m\u00e9decins g\u00e9n\u00e9ralistes, des sp\u00e9cialistes, param\u00e9dicaux, ambulanciers et agents de service et de s\u00e9curit\u00e9, et nous continuons \u00e0 enregistrer de nouveaux cas\u00bb<\/em>, signale le D<sup>r<\/sup> Mohamed Yousfi, chef de service d\u2019infectiologie \u00e0 l\u2019EPH de Boufarik.<\/span><\/p>\n<p class=\"p1\"><span class=\"s1\">Et de pr\u00e9ciser que l\u2019\u00e9tablissement, qui a fait face \u00e0 de nombreux cas de Covid-19, semble le moins touch\u00e9 comparativement aux autres structures, notamment au Chu de Blida ou ailleurs dans la capitale. <em>\u00abJe dois souligner que notre \u00e9tablissement a re\u00e7u tous les \u00e9quipements de protection n\u00e9cessaires d\u00e8s le d\u00e9but de l\u2019infection, en mars dernier, et nous nous sommes appliqu\u00e9s au respect rigoureux de toutes les mesures de pr\u00e9vention contre ce virus\u00bb<\/em>, a-t-il indiqu\u00e9, tout en exprimant ses appr\u00e9hensions <em>\u00abau risque de voir le personnel de sant\u00e9 baisser de vigilance et avoir moins de r\u00e9flexes suite \u00e0 un \u00e9puisement physique et moral et enregistrer plus de cas infect\u00e9s<\/em>.\u00bb<\/span><\/p>\n<p class=\"p1\"><span class=\"s1\">Il signale que les nouveaux cas de Covid-19 enregistr\u00e9s ces derniers jours \u00ab<em>pr\u00e9sentent des formes s\u00e9v\u00e8res qui n\u00e9cessitent g\u00e9n\u00e9ralement des \u00e9vacuations. Ce qui explique l\u2019augmentation du nombre d\u2019hospitalisations en r\u00e9animation. Le nombre de d\u00e9c\u00e8s est aussi plus important que les derniers mois\u00bb<\/em>, a-t-il ajout\u00e9.<\/span><\/p>\n<p class=\"p1\"><span class=\"s1\">Les diff\u00e9rents CHU de la capitale ont, quant \u00e0 eux, enregistr\u00e9 de nombreux cas de contamination, dont des agents de l\u2019administration, du personnel m\u00e9dical et param\u00e9dical et des agents de s\u00e9curit\u00e9 et de service.<\/span><\/p>\n<p class=\"p2\"><span class=\"s1\">Ce qui augmente le stress au sein de la corporation. D\u2019ailleurs, le minist\u00e8re de la Sant\u00e9, de la Population et de la R\u00e9forme hospitali\u00e8re a rappel\u00e9, dans une instruction envoy\u00e9e aux \u00e9tablissements le 1<sup>er<\/sup> juillet, le respect strict des mesures de pr\u00e9vention et de veiller \u00e0 <em>\u00abla stricte application des mesures de protection relatives \u00e0 l\u2019utilisation des \u00e9quipements de protection individuelle (EPI) en intra ou extra-hospitalier lors d\u2019une prise en charge d\u2019un cas suspect, probable ou confirm\u00e9 Covid-19, conform\u00e9ment aux proc\u00e9dures \u00e9dict\u00e9es dans les notes\u00bb<\/em>.<\/span><\/p>\n<p class=\"p2\"><span class=\"s1\">Et de signaler : <em>\u00abIl a \u00e9t\u00e9 observ\u00e9 une augmentation du nombre de cas de Covid-19 chez le personnel de sant\u00e9, qui serait probablement en relation avec une mauvaise utilisation des moyens de protection et le non-respect des \u00e9tapes d\u2019enfilement et d\u2019enl\u00e8vement des \u00e9quipements de protection individuelle.<\/em><\/span><\/p>\n<p class=\"p2\"><span class=\"s1\"><em>Comme il a \u00e9t\u00e9 d\u00e9montr\u00e9 que cette mauvaise utilisation augmente le risque d\u2019\u00eatre contamin\u00e9 par diff\u00e9rents germes dont le Sars-Cov-2.\u00bb<\/em> Le minist\u00e8re a instruit les chefs des \u00e9tablissements de sant\u00e9 publique \u00e0 assurer une formation du personnel sur la mani\u00e8re d\u2019enfiler les EPI en respectant les diff\u00e9rentes \u00e9tapes \u00e9dict\u00e9es dans l\u2019instruction minist\u00e9rielle.<span class=\"Apple-converted-space\">\u00a0<\/span><\/span><\/p>\n<p><span class=\"post-views-label\">Post Views:<\/span> <span class=\"post-views-count\">254<\/span><\/p>\n<p><br class=\"c3\"\/><br class=\"c6\"\/><\/p>\n<p>Auteur: Anis Khecheba<br \/>\n<a href=\"https:\/\/www.elwatan.com\/edition\/actualite\/le-lourd-tribut-du-corps-soignant-05-07-2020\">Cliquez ici pour lire l&rsquo;article depuis sa source.<\/a><\/p>\n","protected":false},"excerpt":{"rendered":"<p>En premi\u00e8re ligne depuis le d\u00e9but de l\u2019\u00e9pid\u00e9mie en f\u00e9vrier dernier, les travailleurs du secteur de la sant\u00e9 continuent de faire face \u00e0 un virus invisible qui s\u00e9vit avec des pertes quotidiennes dans leurs rangs. Ils sont pr\u00e8s de 1515 \u00e0 \u00eatre atteints par la Covid-19 et 26 personnes sont d\u00e9c\u00e9d\u00e9es, dont des m\u00e9decins, infirmiers [&hellip;]<\/p>\n","protected":false},"author":1743,"featured_media":91261,"comment_status":"closed","ping_status":"closed","sticky":false,"template":"","format":"standard","meta":{"fifu_image_url":"","fifu_image_alt":"","footnotes":""},"categories":[73,53],"tags":[],"class_list":["post-91258","post","type-post","status-publish","format-standard","has-post-thumbnail","hentry","category-actualite","category-algerie"],"_links":{"self":[{"href":"https:\/\/linitiative.ca\/International\/wp-json\/wp\/v2\/posts\/91258","targetHints":{"allow":["GET"]}}],"collection":[{"href":"https:\/\/linitiative.ca\/International\/wp-json\/wp\/v2\/posts"}],"about":[{"href":"https:\/\/linitiative.ca\/International\/wp-json\/wp\/v2\/types\/post"}],"author":[{"embeddable":true,"href":"https:\/\/linitiative.ca\/International\/wp-json\/wp\/v2\/users\/1743"}],"replies":[{"embeddable":true,"href":"https:\/\/linitiative.ca\/International\/wp-json\/wp\/v2\/comments?post=91258"}],"version-history":[{"count":0,"href":"https:\/\/linitiative.ca\/International\/wp-json\/wp\/v2\/posts\/91258\/revisions"}],"wp:featuredmedia":[{"embeddable":true,"href":"https:\/\/linitiative.ca\/International\/wp-json\/"}],"wp:attachment":[{"href":"https:\/\/linitiative.ca\/International\/wp-json\/wp\/v2\/media?parent=91258"}],"wp:term":[{"taxonomy":"category","embeddable":true,"href":"https:\/\/linitiative.ca\/International\/wp-json\/wp\/v2\/categories?post=91258"},{"taxonomy":"post_tag","embeddable":true,"href":"https:\/\/linitiative.ca\/International\/wp-json\/wp\/v2\/tags?post=91258"}],"curies":[{"name":"wp","href":"https:\/\/api.w.org\/{rel}","templated":true}]}}