{"id":91262,"date":"2020-07-05T09:10:17","date_gmt":"2020-07-05T13:10:17","guid":{"rendered":"https:\/\/linitiative.ca\/International\/%ef%bb%bfla-propagande-algero-polisarienne-vise-a-perturber-le-developpement-socio-economique-des-provinces-du-sud\/"},"modified":"2020-07-05T09:10:17","modified_gmt":"2020-07-05T13:10:17","slug":"%ef%bb%bfla-propagande-algero-polisarienne-vise-a-perturber-le-developpement-socio-economique-des-provinces-du-sud","status":"publish","type":"post","link":"https:\/\/linitiative.ca\/International\/%ef%bb%bfla-propagande-algero-polisarienne-vise-a-perturber-le-developpement-socio-economique-des-provinces-du-sud\/","title":{"rendered":"\ufeffLa propagande alg\u00e9ro-polisarienne vise \u00e0 perturber le d\u00e9veloppement socio-\u00e9conomique des provinces du Sud"},"content":{"rendered":"<p class=\"has-text-color has-vivid-red-color c2\"><strong>Une visioconf\u00e9rence du Centre Sahara et Afrique<\/strong><\/p>\n<p class=\"has-text-color c3\"><strong>Les derni\u00e8res propagandes men\u00e9es par l\u2019Alg\u00e9rie et le \u00abPolisario\u00bb visent \u00e0 perturber le processus de d\u00e9veloppement socio-\u00e9conomique dans les provinces du Sud du Royaume, ont soulign\u00e9 les participants \u00e0 un d\u00e9bat par visioconf\u00e9rence.<\/strong><\/p>\n<p>Lors de cette rencontre initi\u00e9e par le Centre Sahara et Afrique pour les \u00e9tudes strat\u00e9giques et l\u2019Association de la r\u00e9gionalisation avanc\u00e9e et de l\u2019autonomie dans la r\u00e9gion de Dakhla-Oued Eddahab, les intervenants ont indiqu\u00e9 que cette campagne m\u00e9diatique de d\u00e9sinformation et ces all\u00e9gations fallacieuses ont pour objectifs de saper les efforts consentis par le Maroc dans les domaines politique, des droits de l\u2019Homme et du d\u00e9veloppement dans les trois r\u00e9gions du Sahara marocain.<\/p>\n<p>Ils ont \u00e9galement soulign\u00e9 que l\u2019Alg\u00e9rie fuit ses responsabilit\u00e9s morale et politique dans l\u2019affaire du Sahara, en pr\u00e9tendant ne pas \u00eatre impliqu\u00e9e dans ce dossier, au moment m\u00eame o\u00f9 elle multiplie les rencontres, les communiqu\u00e9s et les d\u00e9clarations faisant fi du devoir de r\u00e9serve envers une question soumise aux Nations unies, en plus de ses positions provocatrices contre les int\u00e9r\u00eats du Royaume.<\/p>\n<p>Tout en adoptant la politique de la main tendue aux dirigeants alg\u00e9riens pour r\u00e9soudre les diff\u00e9rends par la n\u00e9gociation, le Maroc appelle la communaut\u00e9 internationale \u00e0 engager toute la responsabilit\u00e9 d\u2019Alger quant aux campagnes tendancieuses syst\u00e9matiques visant \u00e0 porter pr\u00e9judice au Royaume.<\/p>\n<p>Le Maroc, qui se tourne vers l\u2019avenir \u00e0 travers des partenariats r\u00e9gionaux, n\u2019a cess\u00e9 d\u2019appeler l\u2019Alg\u00e9rie \u00e0 instaurer un dialogue permanent pour normaliser les relations bilat\u00e9rales, surmonter les diff\u00e9rentes questions en suspens et relancer l\u2019Union du Maghreb Arabe, en vue de renforcer la stabilit\u00e9 en Afrique, ont-ils poursuivi, notant que face \u00e0 toutes ces initiatives du Royaume, l\u2019Alg\u00e9rie persiste toujours dans le d\u00e9ni.<\/p>\n<p>Le pr\u00e9sident du Centre Sahara et Afrique pour les \u00e9tudes strat\u00e9giques, Abdelfattah El Fatihi, a affirm\u00e9 que ces campagnes de propagande \u00abne sont qu\u2019une r\u00e9action hostile au consensus national et au soutien croissant affich\u00e9 par la communaut\u00e9 internationale \u00e0 la position pertinente du Maroc ax\u00e9e sur les n\u00e9gociations pour r\u00e9soudre le conflit artificiel autour du Sahara marocain\u00bb.<\/p>\n<p>M. El Fatihi, \u00e9galement expert en questions du Sahel et du Sahara, a not\u00e9 que \u00abla nature des discours v\u00e9hicul\u00e9s et les parties d\u2019o\u00f9 ils \u00e9manent, en plus des moyens adopt\u00e9s, montrent bel et bien qu\u2019il s\u2019agit d\u2019une propagande visant \u00e0 d\u00e9cr\u00e9dibiliser les acquis r\u00e9alis\u00e9s par le Maroc dans les provinces de Sud\u00bb.<\/p>\n<p>Le bilan d\u00e9sastreux des droits de l\u2019Homme de l\u2019Alg\u00e9rie, qui a d\u00e9clench\u00e9 cette campagne de propagande d\u00e9pourvue de cr\u00e9dibilit\u00e9, ne peut \u00eatre compar\u00e9 \u00e0 celui du Maroc qui a r\u00e9alis\u00e9 des avanc\u00e9es ind\u00e9niables en mati\u00e8re de promotion et de protection des droits humains au cours des derni\u00e8res ann\u00e9es, a-t-il relev\u00e9.<\/p>\n<p>Pour sa part, le pr\u00e9sident de l\u2019Association de la r\u00e9gionalisation avanc\u00e9e et de l\u2019autonomie dans la r\u00e9gion de Dakhla-Oued Eddahab, Ahmed Slay a indiqu\u00e9 que l\u2019Alg\u00e9rie se contredit elle-m\u00eame dans ce dossier, \u00e9tant donn\u00e9 qu\u2019elle a toujours refus\u00e9 le recensement de la population des camps de Tindouf ou de recevoir les \u00e9missaires de l\u2019ONU pour les droits de l\u2019Homme.<\/p>\n<p>De m\u00eame, il a salu\u00e9 le r\u00f4le des \u00e9lus des r\u00e9gions La\u00e2youne-Sakia El Hamra et Dakhla-Oued Eddahab dans la supervision de la mise en \u0153uvre des projets de d\u00e9veloppement cens\u00e9s faire de cette partie du territoire national un v\u00e9ritable p\u00f4le de d\u00e9veloppement \u00e9conomique aux niveaux r\u00e9gional et continental.<\/p>\n<p>Auteur: M&rsquo;hammed rahal<br \/>\n<a href=\"http:\/\/albayane.press.ma\/%EF%BB%BFla-propagande-algero-polisarienne-vise-a-perturber-le-developpement-socio-economique-des-provinces-du-sud.html\">Cliquez ici pour lire l&rsquo;article depuis sa source.<\/a><\/p>\n","protected":false},"excerpt":{"rendered":"<p>Une visioconf\u00e9rence du Centre Sahara et Afrique Les derni\u00e8res propagandes men\u00e9es par l\u2019Alg\u00e9rie et le \u00abPolisario\u00bb visent \u00e0 perturber le processus de d\u00e9veloppement socio-\u00e9conomique dans les provinces du Sud du Royaume, ont soulign\u00e9 les participants \u00e0 un d\u00e9bat par visioconf\u00e9rence. Lors de cette rencontre initi\u00e9e par le Centre Sahara et Afrique pour les \u00e9tudes strat\u00e9giques [&hellip;]<\/p>\n","protected":false},"author":1760,"featured_media":0,"comment_status":"closed","ping_status":"closed","sticky":false,"template":"","format":"standard","meta":{"fifu_image_url":"","fifu_image_alt":"","footnotes":""},"categories":[73,54],"tags":[],"class_list":["post-91262","post","type-post","status-publish","format-standard","hentry","category-actualite","category-maroc"],"_links":{"self":[{"href":"https:\/\/linitiative.ca\/International\/wp-json\/wp\/v2\/posts\/91262","targetHints":{"allow":["GET"]}}],"collection":[{"href":"https:\/\/linitiative.ca\/International\/wp-json\/wp\/v2\/posts"}],"about":[{"href":"https:\/\/linitiative.ca\/International\/wp-json\/wp\/v2\/types\/post"}],"author":[{"embeddable":true,"href":"https:\/\/linitiative.ca\/International\/wp-json\/wp\/v2\/users\/1760"}],"replies":[{"embeddable":true,"href":"https:\/\/linitiative.ca\/International\/wp-json\/wp\/v2\/comments?post=91262"}],"version-history":[{"count":0,"href":"https:\/\/linitiative.ca\/International\/wp-json\/wp\/v2\/posts\/91262\/revisions"}],"wp:attachment":[{"href":"https:\/\/linitiative.ca\/International\/wp-json\/wp\/v2\/media?parent=91262"}],"wp:term":[{"taxonomy":"category","embeddable":true,"href":"https:\/\/linitiative.ca\/International\/wp-json\/wp\/v2\/categories?post=91262"},{"taxonomy":"post_tag","embeddable":true,"href":"https:\/\/linitiative.ca\/International\/wp-json\/wp\/v2\/tags?post=91262"}],"curies":[{"name":"wp","href":"https:\/\/api.w.org\/{rel}","templated":true}]}}