{"id":91263,"date":"2020-07-05T11:24:51","date_gmt":"2020-07-05T15:24:51","guid":{"rendered":"https:\/\/linitiative.ca\/International\/la-federation-appelle-a-des-assises-nationales-sur-la-presse-et-les-medias\/"},"modified":"2020-07-05T11:24:51","modified_gmt":"2020-07-05T15:24:51","slug":"la-federation-appelle-a-des-assises-nationales-sur-la-presse-et-les-medias","status":"publish","type":"post","link":"https:\/\/linitiative.ca\/International\/la-federation-appelle-a-des-assises-nationales-sur-la-presse-et-les-medias\/","title":{"rendered":"La F\u00e9d\u00e9ration appelle \u00e0 des assises nationales sur la presse et les m\u00e9dias"},"content":{"rendered":"<p class=\"c2\"><strong>A l\u2019issue de l\u2019AG extraordinaire de la FMEJ<\/strong><\/p>\n<p class=\"has-text-color has-vivid-red-color c2\"><strong>Noureddine Miftah \u00e9lu \u00e0 l\u2019unanimit\u00e9 pr\u00e9sident et Mahtat Rakas vice-pr\u00e9sident<\/strong><\/p>\n<p class=\"has-text-color c3\"><strong>La F\u00e9d\u00e9ration marocaine des \u00e9diteurs de journaux (FMEJ) a appel\u00e9 \u00e0 organiser, dans les plus brefs d\u00e9lais, des assises nationales sur la presse et les m\u00e9dias, afin de convenir sur de nouveaux engagements conciliant, d\u2019une mani\u00e8re novatrice, les dimensions \u00e9conomiques du secteur de la presse et ses r\u00f4les vitaux en tant que pilier de la d\u00e9mocratie.<\/strong><\/p>\n<p>Dans un communiqu\u00e9 sanctionnant les travaux de son Assembl\u00e9e g\u00e9n\u00e9rale extraordinaire, tenue vendredi \u00e0 Casablanca, la FMEJ estime que la presse marocaine \u201cfait face \u00e0 l\u2019une de ses pires crises\u201d, tant au niveau conjoncturel, avec les r\u00e9percussions de la Covid-19, \u00e0 l\u2019\u00e9chelle structurelle en raison des d\u00e9faillances d\u2019un mod\u00e8le \u00e9conomique d\u00e9pass\u00e9, qu\u2019au niveau professionnel et \u00e9thique, ou encore sur le plan organisationnel et repr\u00e9sentatif.<\/p>\n<p>La r\u00e9flexion aujourd\u2019hui \u00e0 la r\u00e9vision de la vision g\u00e9n\u00e9rale du secteur ne sera pas r\u00e9alis\u00e9e par les slogans, mais par la capacit\u00e9 \u00e0 penser \u00e0 des solutions s\u00e9rieuses, r\u00e9elles et globales avec efficacit\u00e9 et c\u00e9l\u00e9rit\u00e9, pr\u00e9cise la m\u00eame source.<\/p>\n<p>L\u2019Assembl\u00e9e g\u00e9n\u00e9rale de la FMEJ, poursuit le communiqu\u00e9, estime que le v\u00e9ritable capital de tout journalisme n\u2019est point uniquement le soutien financier, mais plut\u00f4t la confiance de la soci\u00e9t\u00e9, et la cr\u00e9dibilit\u00e9 et l\u2019ind\u00e9pendance de la presse.<\/p>\n<p>L\u2019Assembl\u00e9e affirme poursuivre son adh\u00e9sion avec un esprit constructif dans l\u2019ensemble des chantiers ouverts, rel\u00e8ve-t-on de m\u00eame source, ajoutant que la F\u00e9d\u00e9ration a constitu\u00e9, depuis 20 ans, une force repr\u00e9sentative et de proposition tendant la main \u00e0 tous les acteurs du secteur pour s\u2019organiser et explorer un avenir, qui est marqu\u00e9 actuellement par l\u2019incertitude.<\/p>\n<p>Et d\u2019ajouter que l\u2019Assembl\u00e9e g\u00e9n\u00e9rale de la FMEJ attend de l\u2019\u00e9lite des \u00e9diteurs d\u2019\u00eatre \u00e0 la hauteur des d\u00e9fis afin de s\u2019acquitter de son r\u00f4le d\u2019information et de contr\u00f4le, et \u00e0 assumer ses responsabilit\u00e9s sociales, afin qu\u2019elle \u201cfasse partie de la solution et non du probl\u00e8me\u201d.<\/p>\n<p>Par ailleurs, l\u2019Assembl\u00e9e g\u00e9n\u00e9rale consid\u00e8re que la priorit\u00e9 de l\u2019action de ses appareils d\u00e9cisionnels et ex\u00e9cutifs, aujourd\u2019hui, est l\u2019engagement avec ses partenaires pour trouver les m\u00e9canismes ex\u00e9cutifs de la nouvelle perception du soutien public \u00e0 la presse, conjoncturel et permanent, et ce dans le strict respect de la loi et de l\u2019\u00e9quit\u00e9, la transparence et l\u2019\u00e9quilibre entre les grandes entreprises, les n\u00e9cessit\u00e9s d\u2019habilitation pour les petites entreprises et le soutien au pluralisme, en insistant sur la n\u00e9cessit\u00e9 que le soutien \u00e0 la distribution et aux imprimeries se refl\u00e8te sur les journaux de mani\u00e8re contractuelle, tout en consid\u00e9rant que la presse \u00e9lectronique est aussi un secteur \u201csinistr\u00e9\u201d.<\/p>\n<p>Le communiqu\u00e9 souligne \u00e9galement qu\u2019\u00e9tant donn\u00e9 que la F\u00e9d\u00e9ration a toujours cru que le soutien public n\u2019est pas une raison d\u2019\u00eatre, l\u2019Assembl\u00e9e g\u00e9n\u00e9rale se consid\u00e8re engag\u00e9e dans le plan national pour le d\u00e9veloppement de la lecture de la presse qui a \u00e9t\u00e9 lanc\u00e9 par le Conseil national de la presse, et en particulier l\u2019activation du fonds du d\u00e9veloppement de la lecture de la presse papier et \u00e9lectronique, la raison d\u2019\u00eatre du secteur n\u2019\u00e9tant pas seulement la survie des entreprises, mais le maintien en vie de son influence et son r\u00f4le soci\u00e9tal.<\/p>\n<p>Auteur: M&rsquo;hammed rahal<br \/>\n<a href=\"http:\/\/albayane.press.ma\/la-federation-appelle-a-des-assises-nationales-sur-la-presse-et-les-medias.html\">Cliquez ici pour lire l&rsquo;article depuis sa source.<\/a><\/p>\n","protected":false},"excerpt":{"rendered":"<p>A l\u2019issue de l\u2019AG extraordinaire de la FMEJ Noureddine Miftah \u00e9lu \u00e0 l\u2019unanimit\u00e9 pr\u00e9sident et Mahtat Rakas vice-pr\u00e9sident La F\u00e9d\u00e9ration marocaine des \u00e9diteurs de journaux (FMEJ) a appel\u00e9 \u00e0 organiser, dans les plus brefs d\u00e9lais, des assises nationales sur la presse et les m\u00e9dias, afin de convenir sur de nouveaux engagements conciliant, d\u2019une mani\u00e8re novatrice, [&hellip;]<\/p>\n","protected":false},"author":1760,"featured_media":0,"comment_status":"closed","ping_status":"closed","sticky":false,"template":"","format":"standard","meta":{"fifu_image_url":"","fifu_image_alt":"","footnotes":""},"categories":[73,54],"tags":[],"class_list":["post-91263","post","type-post","status-publish","format-standard","hentry","category-actualite","category-maroc"],"_links":{"self":[{"href":"https:\/\/linitiative.ca\/International\/wp-json\/wp\/v2\/posts\/91263","targetHints":{"allow":["GET"]}}],"collection":[{"href":"https:\/\/linitiative.ca\/International\/wp-json\/wp\/v2\/posts"}],"about":[{"href":"https:\/\/linitiative.ca\/International\/wp-json\/wp\/v2\/types\/post"}],"author":[{"embeddable":true,"href":"https:\/\/linitiative.ca\/International\/wp-json\/wp\/v2\/users\/1760"}],"replies":[{"embeddable":true,"href":"https:\/\/linitiative.ca\/International\/wp-json\/wp\/v2\/comments?post=91263"}],"version-history":[{"count":0,"href":"https:\/\/linitiative.ca\/International\/wp-json\/wp\/v2\/posts\/91263\/revisions"}],"wp:attachment":[{"href":"https:\/\/linitiative.ca\/International\/wp-json\/wp\/v2\/media?parent=91263"}],"wp:term":[{"taxonomy":"category","embeddable":true,"href":"https:\/\/linitiative.ca\/International\/wp-json\/wp\/v2\/categories?post=91263"},{"taxonomy":"post_tag","embeddable":true,"href":"https:\/\/linitiative.ca\/International\/wp-json\/wp\/v2\/tags?post=91263"}],"curies":[{"name":"wp","href":"https:\/\/api.w.org\/{rel}","templated":true}]}}