{"id":91266,"date":"2020-07-05T09:59:23","date_gmt":"2020-07-05T13:59:23","guid":{"rendered":"https:\/\/linitiative.ca\/International\/la-place-jemaa-fna-contribue-a-la-preservation-du-patrimoine-immateriel\/"},"modified":"2020-07-05T09:59:23","modified_gmt":"2020-07-05T13:59:23","slug":"la-place-jemaa-fna-contribue-a-la-preservation-du-patrimoine-immateriel","status":"publish","type":"post","link":"https:\/\/linitiative.ca\/International\/la-place-jemaa-fna-contribue-a-la-preservation-du-patrimoine-immateriel\/","title":{"rendered":"La place Jema\u00e2 Fna contribue \u00e0 la pr\u00e9servation du patrimoine immat\u00e9riel"},"content":{"rendered":"<div readability=\"40\">\n<p>Marrakech \u2013 La place Jema\u00e2 Fna contribue \u00e0 la pr\u00e9servation du patrimoine immat\u00e9riel riche et vari\u00e9 du Royaume, a soulign\u00e9 samedi, la Directrice du Bureau de l\u2019UNESCO \u00e0 Rabat et Repr\u00e9sentante de ladite organisation pour le Maroc, l\u2019Alg\u00e9rie, la Mauritanie et la Tunisie, Mme Golda El Khoury.<\/p>\n<\/div>\n<div readability=\"90\">\n<p>Cette mythique place, inscrite patrimoine culturel immat\u00e9riel depuis 2008 (proclamation en 2001) et au patrimoine mondial depuis 1985 par l\u2019Unesco,\u00a0raconte toute l\u2019histoire du Royaume et de la cit\u00e9 ocre, a-t-elle ajout\u00e9 lors de sa participation \u00e0 la manifestation artistique et culturelle \u00e0 distance \u00ab\u00a0Jem\u00e2a El Fna en live\u00a0\u00bb.<\/p>\n<p>Apr\u00e8s avoir mis l\u2019accent sur la richesse exceptionnelle de cette place, espace de rencontres et de brassages de traditions culturelles diverses, Mme El Khoury a appel\u00e9 \u00e0 accorder une grande attention aux artistes qui animent la place, car la notori\u00e9t\u00e9 de ce haut lieu d\u2019attraction, site historique si embl\u00e9matique du tourisme au Maroc, elle la doit en grande partie \u00e0 ces artistes.<\/p>\n<p>Mme El Khoury s\u2019est dite heureuse de voir les organisateurs associer l\u2019UNESCO \u00e0 cette manifestation avec une programmation riche qui fait le rayonnement de cette place.<\/p>\n<p>Le chercheur et historien, Hamid Triki, a relev\u00e9 pour sa part, que la mythique place de Jema\u00e2 Fna a inspir\u00e9 pendant des si\u00e8cles, des artistes et \u00e9crivains du Maroc et d\u2019ailleurs, relevant que ce lieu de convivialit\u00e9 a fait r\u00eav\u00e9 des g\u00e9n\u00e9rations de m\u00eame qu\u2019elle a \u00e9t\u00e9 un haut lieu de culture et d\u2019\u00e9panouissement des jeunes.<\/p>\n<p>Apr\u00e8s avoir relev\u00e9 une forte prise de conscience de l\u2019importance de cette place dans les domaines culturel, touristique et \u00e9conomique, il a estim\u00e9 qu\u2019un avenir prometteur attend cette place.<\/p>\n<p>Haut lieu d\u2019attraction, site historique si embl\u00e9matique du tourisme au Maroc, et une adresse incontournable pour tous les Marocains sans nulle exception, cette mythique place accueille annuellement plus de 2 millions de visiteurs.<\/p>\n<p>Organis\u00e9e par le \u00ab\u00a0Forum Marrakech Demain\u00a0\u00bb, l\u2019\u00e9v\u00e9nement \u00ab\u00a0Jem\u00e2a El Fna en live\u00a0\u00bb a connu la participation d\u2019un ar\u00e9opage de conteurs, d\u2019artistes contemporains et de chercheurs dans le patrimoine immat\u00e9riel.<\/p>\n<p>Cet \u00e9v\u00e9nement artistique a \u00e9t\u00e9 con\u00e7u par 27 artistes de fa\u00e7on solidaire, en plus de 24 artistes conteurs qui y participent \u00e0 travers les \u0153uvres du r\u00e9alisateur allemand Thomas Landenberger.<\/p>\n<p>Cette manifestation artistique et culturelle virtuelle, anim\u00e9e par des experts et chercheurs dans le patrimoine mat\u00e9riel et immat\u00e9riel, a \u00e9t\u00e9 rehauss\u00e9e par l\u2019organisation d\u2019une conf\u00e9rence \u00e0 distance sous le th\u00e8me \u00ab\u00a0les arts, les artistes et la place Jema\u00e2 El Fna post-Covid\u00a0\u00bb.<\/p>\n<\/div>\n<p>Auteur: Meriem IGASS<br \/>\n<a href=\"http:\/\/www.mapmarrakech.ma\/fr\/la-place-jemaa-fna-contribue-a-la-preservation-du-patrimoine-immateriel\/\">Cliquez ici pour lire l&rsquo;article depuis sa source.<\/a><\/p>\n","protected":false},"excerpt":{"rendered":"<p>Marrakech \u2013 La place Jema\u00e2 Fna contribue \u00e0 la pr\u00e9servation du patrimoine immat\u00e9riel riche et vari\u00e9 du Royaume, a soulign\u00e9 samedi, la Directrice du Bureau de l\u2019UNESCO \u00e0 Rabat et Repr\u00e9sentante de ladite organisation pour le Maroc, l\u2019Alg\u00e9rie, la Mauritanie et la Tunisie, Mme Golda El Khoury. Cette mythique place, inscrite patrimoine culturel immat\u00e9riel depuis [&hellip;]<\/p>\n","protected":false},"author":1788,"featured_media":0,"comment_status":"closed","ping_status":"closed","sticky":false,"template":"","format":"standard","meta":{"fifu_image_url":"","fifu_image_alt":"","footnotes":""},"categories":[54,76],"tags":[],"class_list":["post-91266","post","type-post","status-publish","format-standard","hentry","category-maroc","category-regions"],"_links":{"self":[{"href":"https:\/\/linitiative.ca\/International\/wp-json\/wp\/v2\/posts\/91266","targetHints":{"allow":["GET"]}}],"collection":[{"href":"https:\/\/linitiative.ca\/International\/wp-json\/wp\/v2\/posts"}],"about":[{"href":"https:\/\/linitiative.ca\/International\/wp-json\/wp\/v2\/types\/post"}],"author":[{"embeddable":true,"href":"https:\/\/linitiative.ca\/International\/wp-json\/wp\/v2\/users\/1788"}],"replies":[{"embeddable":true,"href":"https:\/\/linitiative.ca\/International\/wp-json\/wp\/v2\/comments?post=91266"}],"version-history":[{"count":0,"href":"https:\/\/linitiative.ca\/International\/wp-json\/wp\/v2\/posts\/91266\/revisions"}],"wp:attachment":[{"href":"https:\/\/linitiative.ca\/International\/wp-json\/wp\/v2\/media?parent=91266"}],"wp:term":[{"taxonomy":"category","embeddable":true,"href":"https:\/\/linitiative.ca\/International\/wp-json\/wp\/v2\/categories?post=91266"},{"taxonomy":"post_tag","embeddable":true,"href":"https:\/\/linitiative.ca\/International\/wp-json\/wp\/v2\/tags?post=91266"}],"curies":[{"name":"wp","href":"https:\/\/api.w.org\/{rel}","templated":true}]}}