{"id":91267,"date":"2020-07-05T10:10:07","date_gmt":"2020-07-05T14:10:07","guid":{"rendered":"https:\/\/linitiative.ca\/International\/serie-de-mesures-pour-le-controle-de-la-situation-epidemiologique\/"},"modified":"2020-07-05T10:10:07","modified_gmt":"2020-07-05T14:10:07","slug":"serie-de-mesures-pour-le-controle-de-la-situation-epidemiologique","status":"publish","type":"post","link":"https:\/\/linitiative.ca\/International\/serie-de-mesures-pour-le-controle-de-la-situation-epidemiologique\/","title":{"rendered":"S\u00e9rie de mesures pour le contr\u00f4le de la situation \u00e9pid\u00e9miologique"},"content":{"rendered":"<div readability=\"35\">\n<p>Safi \u2013 Une batterie de mesures ont \u00e9t\u00e9 adopt\u00e9es pour le contr\u00f4le de la situation \u00e9pid\u00e9miologique dans la province de Safi suite \u00e0 l\u2019apparition de nouveaux cas positifs de la pand\u00e9mie du nouveau coronavirus (Covid-19), a-t-on appris de source s\u00fbre.<\/p>\n<\/div>\n<div readability=\"82\">\n<p>Dans le cadre du suivi de l\u2019\u00e9volution de la situation \u00e9pid\u00e9miologique de la Covid-19 dans la province de Safi et suite \u00e0 la r\u00e9union tenue vendredi, le wali de la r\u00e9gion Marrakech- Safi, M. Karim Kassi-Lahlou a pr\u00e9sid\u00e9, samedi au si\u00e8ge de la pr\u00e9fecture de la province de Safi, une r\u00e9union en pr\u00e9sence du gouverneur de la province, des responsables s\u00e9curitaires r\u00e9gionaux et locaux, de la directrice r\u00e9gionale et du d\u00e9l\u00e9gu\u00e9 provincial de la sant\u00e9 ainsi que des autorit\u00e9s locales.<\/p>\n<p>Cette r\u00e9union, tenue jusqu\u2019\u00e0 une heure tardive de la nuit, a \u00e9t\u00e9 consacr\u00e9e \u00e0 l\u2019examen des m\u00e9canismes susceptibles de contr\u00f4ler la propagation de la pand\u00e9mie du nouveau coronavirus.<\/p>\n<p>Au cours de cette r\u00e9union, le wali de la r\u00e9gion a exhort\u00e9 tous les intervenants \u00e0 la mobilisation g\u00e9n\u00e9rale et totale au service des int\u00e9r\u00eats de la ville et de sa population.<\/p>\n<p>Ainsi, une batterie de mesures ont \u00e9t\u00e9 prises pour le contr\u00f4le de la situation, \u00e0 savoir la fermeture totale du 3\u00e8 district urbain relevant de la ville de Safi o\u00f9 se concentrent les cas positifs de la Covid-19, la fermeture et l\u2019interdiction des d\u00e9placements de et vers la Cit\u00e9 des Oc\u00e9ans sauf dans des cas d\u00e9termin\u00e9s et la fermeture imm\u00e9diate des 18 unit\u00e9s de conservation, situ\u00e9es dans la ville et l\u2019arr\u00eat du transport de leurs employ\u00e9s.<\/p>\n<p>Il a \u00e9t\u00e9 aussi d\u00e9cid\u00e9 la fermeture des locaux de commerce \u00e0 18H00, la fermeture des caf\u00e9s \u00e0 20H00, l\u2019interdiction d\u2019acc\u00e8s \u00e0 la plage de la ville et la fermeture de deux march\u00e9s de proximit\u00e9 \u00ab\u00a0Assalam\u00a0\u00bb et \u00ab\u00a0Siha\u00a0\u00bb dans le troisi\u00e8me district.<\/p>\n<p>Il a \u00e9t\u00e9 \u00e9galement d\u00e9cid\u00e9 l\u2019intensification de la cadence des op\u00e9rations de st\u00e9rilisation et de d\u00e9sinfection au niveau dudit district, en particulier dans les zones o\u00f9 sont concentr\u00e9s les cas positifs d\u00e9tect\u00e9s, la st\u00e9rilisation et la d\u00e9sinfection des places publiques, des parcs et des moyens de transport public, la multiplication des campagnes de sensibilisation et de conscientisation pour informer les citoyens des mesures entreprises ainsi que la prise en charge des cas confirm\u00e9s dans les h\u00f4pitaux de la ville de Safi et des autres r\u00e9gions.<\/p>\n<p>Les autorit\u00e9s de la wilaya de Marrakech-Safi demeurent mobilis\u00e9es afin d\u2019assurer le suivi quotidien et continu de la situation \u00e9pid\u00e9miologique au niveau de la Cit\u00e9 des Oc\u00e9ans, tout en appelant les habitants de la ville \u00e0 interagir positivement avec les mesures d\u00e9cr\u00e9t\u00e9es en vue de ma\u00eetriser la propagation de la pand\u00e9mie et, partant, de retrouver une vie normale dans les plus brefs d\u00e9lais.<\/p>\n<\/div>\n<p>Auteur: Meriem IGASS<br \/>\n<a href=\"http:\/\/www.mapmarrakech.ma\/fr\/adoption-des-mesures-pour-le-controle-de-la-situation-epidemiologique\/\">Cliquez ici pour lire l&rsquo;article depuis sa source.<\/a><\/p>\n","protected":false},"excerpt":{"rendered":"<p>Safi \u2013 Une batterie de mesures ont \u00e9t\u00e9 adopt\u00e9es pour le contr\u00f4le de la situation \u00e9pid\u00e9miologique dans la province de Safi suite \u00e0 l\u2019apparition de nouveaux cas positifs de la pand\u00e9mie du nouveau coronavirus (Covid-19), a-t-on appris de source s\u00fbre. Dans le cadre du suivi de l\u2019\u00e9volution de la situation \u00e9pid\u00e9miologique de la Covid-19 dans [&hellip;]<\/p>\n","protected":false},"author":1788,"featured_media":0,"comment_status":"closed","ping_status":"closed","sticky":false,"template":"","format":"standard","meta":{"fifu_image_url":"","fifu_image_alt":"","footnotes":""},"categories":[54,76],"tags":[],"class_list":["post-91267","post","type-post","status-publish","format-standard","hentry","category-maroc","category-regions"],"_links":{"self":[{"href":"https:\/\/linitiative.ca\/International\/wp-json\/wp\/v2\/posts\/91267","targetHints":{"allow":["GET"]}}],"collection":[{"href":"https:\/\/linitiative.ca\/International\/wp-json\/wp\/v2\/posts"}],"about":[{"href":"https:\/\/linitiative.ca\/International\/wp-json\/wp\/v2\/types\/post"}],"author":[{"embeddable":true,"href":"https:\/\/linitiative.ca\/International\/wp-json\/wp\/v2\/users\/1788"}],"replies":[{"embeddable":true,"href":"https:\/\/linitiative.ca\/International\/wp-json\/wp\/v2\/comments?post=91267"}],"version-history":[{"count":0,"href":"https:\/\/linitiative.ca\/International\/wp-json\/wp\/v2\/posts\/91267\/revisions"}],"wp:attachment":[{"href":"https:\/\/linitiative.ca\/International\/wp-json\/wp\/v2\/media?parent=91267"}],"wp:term":[{"taxonomy":"category","embeddable":true,"href":"https:\/\/linitiative.ca\/International\/wp-json\/wp\/v2\/categories?post=91267"},{"taxonomy":"post_tag","embeddable":true,"href":"https:\/\/linitiative.ca\/International\/wp-json\/wp\/v2\/tags?post=91267"}],"curies":[{"name":"wp","href":"https:\/\/api.w.org\/{rel}","templated":true}]}}