{"id":91268,"date":"2020-07-05T13:49:11","date_gmt":"2020-07-05T17:49:11","guid":{"rendered":"https:\/\/linitiative.ca\/International\/reprise-de-la-peche-de-poulpe-dans-la-circonscription-maritime\/"},"modified":"2020-07-05T13:49:11","modified_gmt":"2020-07-05T17:49:11","slug":"reprise-de-la-peche-de-poulpe-dans-la-circonscription-maritime","status":"publish","type":"post","link":"https:\/\/linitiative.ca\/International\/reprise-de-la-peche-de-poulpe-dans-la-circonscription-maritime\/","title":{"rendered":"Reprise de la p\u00eache de poulpe dans la circonscription maritime"},"content":{"rendered":"<div readability=\"36\">\n<p>Safi \u2013 Les services relevant du D\u00e9partement de la p\u00eache maritime ont annonc\u00e9, dimanche, la reprise des activit\u00e9s de p\u00eache de poulpe au niveau de la circonscription maritime de Safi au titre de la saison estivale 2020.<\/p>\n<\/div>\n<div readability=\"78\">\n<p>Selon la m\u00eame source, le total autoris\u00e9 des captures de poulpe au cours de la p\u00e9riode allant du 5 juillet au 30 septembre prochain, au niveau de ladite circonscription maritime, a \u00e9t\u00e9 fix\u00e9 \u00e0 650 tonnes.<\/p>\n<p>Et d\u2019ajouter que les quotas des captures de poulpe relatifs \u00e0 la circonscription maritime peuvent \u00eatre r\u00e9vis\u00e9s en fonction de l\u2019\u00e9volution des indicateurs biologiques et d\u2019exploitation de cette p\u00eacherie.<\/p>\n<p>Dans ce sens, une commission est mise sur pied au niveau de cette circonscription et comprend le d\u00e9l\u00e9gu\u00e9 de la p\u00eache maritime, en tant que pr\u00e9sident, et deux membres d\u00e9sign\u00e9s par la Chambre de la p\u00eache maritime repr\u00e9sentant la p\u00eache artisanale et c\u00f4ti\u00e8re, ainsi que le repr\u00e9sentant de l\u2019Office national des p\u00eaches (ONP) et d\u2019autres repr\u00e9sentations professionnelles le cas \u00e9ch\u00e9ant.<\/p>\n<p>Parmi les missions de cette commission, figure la rationalisation de l\u2019activit\u00e9 de p\u00eache pour \u00e9viter l\u2019\u00e9puisement du quota des captures de poulpe fix\u00e9 \u00e0 la circonscription maritime de Safi et ce, sur la base de la r\u00e9partition fond\u00e9e sur les r\u00e9sultats des donn\u00e9es d\u2019exploitation et l\u2019effort de p\u00eache au niveau de la circonscription.<\/p>\n<p>La commission assure \u00e9galement la r\u00e9partition, chaque mois, de ce quota entre les flottes de p\u00eache artisanale et c\u00f4ti\u00e8re au niveau des diff\u00e9rents points et du port de p\u00eache relevant de la circonscription maritime, et proc\u00e8de \u00e0 la d\u00e9limitation du plafond des captures lors de chaque sortie pour chaque type d\u2019unit\u00e9s de p\u00eache (barque de p\u00eache artisanale ou chalutier).<\/p>\n<p>Elle veille, en outre, \u00e0 ne pas d\u00e9passer le plafond fix\u00e9 mensuellement et pour chaque type d\u2019unit\u00e9 de p\u00eache.<\/p>\n<p>Selon le minist\u00e8re de l\u2019Agriculture, de la P\u00eache maritime, du D\u00e9veloppement rural et des Eaux et For\u00eats, le total autoris\u00e9 des captures de poulpe durant la saison estivale 2020 est fix\u00e9 \u00e0 6.875 tonnes, r\u00e9parti entre les zones atlantique (5.305 tonnes) et m\u00e9diterran\u00e9enne (1.570 tonnes).<\/p>\n<\/div>\n<p>Auteur: Meriem IGASS<br \/>\n<a href=\"http:\/\/www.mapmarrakech.ma\/fr\/reprise-de-la-peche-de-poulpe-dans-la-circonscription-maritime\/\">Cliquez ici pour lire l&rsquo;article depuis sa source.<\/a><\/p>\n","protected":false},"excerpt":{"rendered":"<p>Safi \u2013 Les services relevant du D\u00e9partement de la p\u00eache maritime ont annonc\u00e9, dimanche, la reprise des activit\u00e9s de p\u00eache de poulpe au niveau de la circonscription maritime de Safi au titre de la saison estivale 2020. Selon la m\u00eame source, le total autoris\u00e9 des captures de poulpe au cours de la p\u00e9riode allant du [&hellip;]<\/p>\n","protected":false},"author":1788,"featured_media":0,"comment_status":"closed","ping_status":"closed","sticky":false,"template":"","format":"standard","meta":{"fifu_image_url":"","fifu_image_alt":"","footnotes":""},"categories":[54,76],"tags":[],"class_list":["post-91268","post","type-post","status-publish","format-standard","hentry","category-maroc","category-regions"],"_links":{"self":[{"href":"https:\/\/linitiative.ca\/International\/wp-json\/wp\/v2\/posts\/91268","targetHints":{"allow":["GET"]}}],"collection":[{"href":"https:\/\/linitiative.ca\/International\/wp-json\/wp\/v2\/posts"}],"about":[{"href":"https:\/\/linitiative.ca\/International\/wp-json\/wp\/v2\/types\/post"}],"author":[{"embeddable":true,"href":"https:\/\/linitiative.ca\/International\/wp-json\/wp\/v2\/users\/1788"}],"replies":[{"embeddable":true,"href":"https:\/\/linitiative.ca\/International\/wp-json\/wp\/v2\/comments?post=91268"}],"version-history":[{"count":0,"href":"https:\/\/linitiative.ca\/International\/wp-json\/wp\/v2\/posts\/91268\/revisions"}],"wp:attachment":[{"href":"https:\/\/linitiative.ca\/International\/wp-json\/wp\/v2\/media?parent=91268"}],"wp:term":[{"taxonomy":"category","embeddable":true,"href":"https:\/\/linitiative.ca\/International\/wp-json\/wp\/v2\/categories?post=91268"},{"taxonomy":"post_tag","embeddable":true,"href":"https:\/\/linitiative.ca\/International\/wp-json\/wp\/v2\/tags?post=91268"}],"curies":[{"name":"wp","href":"https:\/\/api.w.org\/{rel}","templated":true}]}}