{"id":91269,"date":"2020-07-05T14:07:24","date_gmt":"2020-07-05T18:07:24","guid":{"rendered":"https:\/\/linitiative.ca\/International\/393-nouveaux-cas-et-396-guerisons-en-24h-au-maroc\/"},"modified":"2020-07-05T14:07:24","modified_gmt":"2020-07-05T18:07:24","slug":"393-nouveaux-cas-et-396-guerisons-en-24h-au-maroc","status":"publish","type":"post","link":"https:\/\/linitiative.ca\/International\/393-nouveaux-cas-et-396-guerisons-en-24h-au-maroc\/","title":{"rendered":"393 nouveaux cas et 396 gu\u00e9risons en 24H au Maroc"},"content":{"rendered":"<div readability=\"35\">\n<p>Trois cent quatre-vingt-treize (393) nouveaux cas d\u2019infection au coronavirus (Covid-19) et trois cent quatre-vingt-seize (396) gu\u00e9risons ont \u00e9t\u00e9 enregistr\u00e9s au Maroc au cours des derni\u00e8res 24 heures, a annonc\u00e9 dimanche le minist\u00e8re de la Sant\u00e9.<\/p>\n<\/div>\n<div readability=\"117\">\n<p>Ce nouveau bilan porte \u00e0 14.215 le nombre de contaminations dans le Royaume depuis la d\u00e9claration du premier cas le 2 mars dernier, et \u00e0 9.725 le nombre des personnes totalement r\u00e9tablies, soit un taux de gu\u00e9rison d\u2019environ 68,4%, a pr\u00e9cis\u00e9 la cheffe du service des maladies \u00e9pid\u00e9miques \u00e0 la Direction de l\u2019\u00e9pid\u00e9miologie relevant du minist\u00e8re de la Sant\u00e9, Mme Hind Ezzine.<\/p>\n<p>Le nombre des d\u00e9c\u00e8s a atteint 235, apr\u00e8s l\u2019annonce de trois nouveaux cas, soit un taux de l\u00e9talit\u00e9 de 1,7%, a-t-elle ajout\u00e9.<\/p>\n<p>En ce qui concerne la r\u00e9partition g\u00e9ographique des nouveaux cas, 215 nouveaux cas ont \u00e9t\u00e9 recens\u00e9s dans la r\u00e9gion de Marrakech-Safi (203 \u00e0 Safi dans un milieu professionnel, 11 \u00e0 Marrakech et 1 \u00e0 El Haouz), 35 cas dans la r\u00e9gion de F\u00e8s-Mekn\u00e8s (30 cas \u00e0 F\u00e8s, 2 \u00e0 Moulay Yaacoub, 1 \u00e0 Taza, 1 \u00e0 Ifrane et 1 cas \u00e0 Taounate), 65 cas dans la r\u00e9gion de Casablanca-Settat (57 cas \u00e0 Casablanca, 6 \u00e0 Mediouna et 2 \u00e0 Mohammedia) et 31 cas dans la r\u00e9gion de Tanger-T\u00e9touan-Al Hoceima (12 cas \u00e0 Tanger, 10 \u00e0 T\u00e9touan, 1 \u00e0 Larache et 1 \u00e0 Ouazane, 7 \u00e0 Fahs-Anjra), a pr\u00e9cis\u00e9 la responsable.<\/p>\n<p>En outre, 38 cas ont \u00e9t\u00e9 enregistr\u00e9s dans la r\u00e9gion de La\u00e2youne-Sakia El Hamra (tous \u00e0 La\u00e2youne), 3 cas dans la r\u00e9gion de Rabat-Sal\u00e9-K\u00e9nitra (1 cas \u00e0 T\u00e9mara, 1 cas \u00e0 Sal\u00e9 et \u00e0 autre un Sidi Slimane), 3 cas dans la r\u00e9gion de l\u2019Oriental (\u00e0 Jerrada) et 3 autres cas dans la r\u00e9gion de Guelmim-Oued-Noun (\u00e0 Tan-Tan), tandis que les autres r\u00e9gions (B\u00e9ni-Mellal-Kh\u00e9nifra, Dra\u00e2-Tafilalet et Souss-Massa et Dakhla-Oued Dahab) n\u2019ont enregistr\u00e9 aucun nouveau cas, a-t-elle relev\u00e9.<\/p>\n<p>\u00c9voquant le syst\u00e8me de suivi des personnes contacts qui a permis la d\u00e9tection de 92% des 393 nouveaux cas, dont 98% sont asymptomatiques, la responsable a signal\u00e9 que leur nombre a actuellement atteint 75.731, dont 15.321 font toujours l\u2019objet de suivi m\u00e9dical, alors que le nombre des cas exclus apr\u00e8s des r\u00e9sultats n\u00e9gatifs d\u2019analyses effectu\u00e9es au laboratoire s\u2019\u00e9tablit \u00e0 751.365.<\/p>\n<p>S\u2019agissant des cas actifs, Mme Ezzine a relev\u00e9 que 4.255 patients sont actuellement sous traitement, dont 17 se trouvent dans un \u00e9tat critique du fait de facteurs \u00e0 risque.<\/p>\n<p>En outre, le minist\u00e8re invite les citoyens \u00e0 respecter les mesures pr\u00e9ventives et proactives adopt\u00e9es, notamment le port du masque de protection pendant les heures de travail, le lavage r\u00e9gulier des mains des salari\u00e9s et des clients, le respect de la distanciation physique dans le en milieu professionnel, notamment lors des d\u00e9placements entre les bureaux et les ateliers, tout en assurant la ventilation et l\u2019a\u00e9ration des locaux de travail.<\/p>\n<p>Afin de pr\u00e9server le respect des r\u00e8gles de s\u00e9curit\u00e9 sanitaire en milieu professionnel, les employeurs sont appel\u00e9s \u00e0 sensibiliser les salari\u00e9s quant aux risques li\u00e9s au coronavirus et aux moyens de protection adopt\u00e9s tout en recourant aux moyens de communication disponibles sur le site internet du minist\u00e8re, ainsi qu\u2019\u00e0 la r\u00e9habilitation des services sanitaires sur les lieux de travail conform\u00e9ment aux exigences de salubrit\u00e9 publique pr\u00e9vues dans la l\u00e9gislation nationale, a affirm\u00e9 la responsable.<\/p>\n<p>Le minist\u00e8re incite, \u00e9galement, les salari\u00e9s qui pr\u00e9senteraient des sympt\u00f4mes similaires \u00e0 ceux du coronavirus (fi\u00e8vre, \u00e9ternuement, toux\u2026) \u00e0 ne pas se rendre au travail jusqu\u2019au d\u00e9pistage de leur maladie.<\/p>\n<\/div>\n<p>Auteur: Meriem IGASS<br \/>\n<a href=\"http:\/\/www.mapmarrakech.ma\/fr\/393-nouveaux-cas-et-396-guerisons-en-24h-au-maroc\/\">Cliquez ici pour lire l&rsquo;article depuis sa source.<\/a><\/p>\n","protected":false},"excerpt":{"rendered":"<p>Trois cent quatre-vingt-treize (393) nouveaux cas d\u2019infection au coronavirus (Covid-19) et trois cent quatre-vingt-seize (396) gu\u00e9risons ont \u00e9t\u00e9 enregistr\u00e9s au Maroc au cours des derni\u00e8res 24 heures, a annonc\u00e9 dimanche le minist\u00e8re de la Sant\u00e9. Ce nouveau bilan porte \u00e0 14.215 le nombre de contaminations dans le Royaume depuis la d\u00e9claration du premier cas le [&hellip;]<\/p>\n","protected":false},"author":1788,"featured_media":0,"comment_status":"closed","ping_status":"closed","sticky":false,"template":"","format":"standard","meta":{"fifu_image_url":"","fifu_image_alt":"","footnotes":""},"categories":[54,76],"tags":[],"class_list":["post-91269","post","type-post","status-publish","format-standard","hentry","category-maroc","category-regions"],"_links":{"self":[{"href":"https:\/\/linitiative.ca\/International\/wp-json\/wp\/v2\/posts\/91269","targetHints":{"allow":["GET"]}}],"collection":[{"href":"https:\/\/linitiative.ca\/International\/wp-json\/wp\/v2\/posts"}],"about":[{"href":"https:\/\/linitiative.ca\/International\/wp-json\/wp\/v2\/types\/post"}],"author":[{"embeddable":true,"href":"https:\/\/linitiative.ca\/International\/wp-json\/wp\/v2\/users\/1788"}],"replies":[{"embeddable":true,"href":"https:\/\/linitiative.ca\/International\/wp-json\/wp\/v2\/comments?post=91269"}],"version-history":[{"count":0,"href":"https:\/\/linitiative.ca\/International\/wp-json\/wp\/v2\/posts\/91269\/revisions"}],"wp:attachment":[{"href":"https:\/\/linitiative.ca\/International\/wp-json\/wp\/v2\/media?parent=91269"}],"wp:term":[{"taxonomy":"category","embeddable":true,"href":"https:\/\/linitiative.ca\/International\/wp-json\/wp\/v2\/categories?post=91269"},{"taxonomy":"post_tag","embeddable":true,"href":"https:\/\/linitiative.ca\/International\/wp-json\/wp\/v2\/tags?post=91269"}],"curies":[{"name":"wp","href":"https:\/\/api.w.org\/{rel}","templated":true}]}}