{"id":91270,"date":"2020-07-05T10:37:34","date_gmt":"2020-07-05T14:37:34","guid":{"rendered":"https:\/\/linitiative.ca\/International\/batna-nouvelle-edition-du-registre-dor-des-chouhada-de-la-region\/"},"modified":"2020-07-05T10:37:34","modified_gmt":"2020-07-05T14:37:34","slug":"batna-nouvelle-edition-du-registre-dor-des-chouhada-de-la-region","status":"publish","type":"post","link":"https:\/\/linitiative.ca\/International\/batna-nouvelle-edition-du-registre-dor-des-chouhada-de-la-region\/","title":{"rendered":"Batna : nouvelle \u00e9dition du registre d\u2019or des Chouhada de la r\u00e9gion"},"content":{"rendered":"<p><span class=\"sp-nh-title\">Le Pr\u00e9sident Tebboune re\u00e7oit un appel t\u00e9l\u00e9phonique de Fayez El-Serraj<\/span> &#8211; <span class=\"sp-nh-date\">dimanche 5 juillet 2020 18:38<\/span><\/p>\n<p><span class=\"sp-nh-title\">La DGSN comm\u00e9more le 58e anniversaire de l\u2019ind\u00e9pendance par un riche programme<\/span> &#8211; <span class=\"sp-nh-date\">dimanche 5 juillet 2020 18:30<\/span><\/p>\n<p><span class=\"sp-nh-title\">Khenchela: signature d\u2019une convention entre les directions des moudjahidine et de la jeunesse<\/span> &#8211; <span class=\"sp-nh-date\">dimanche 5 juillet 2020 18:26<\/span><\/p>\n<p><span class=\"sp-nh-title\">Commerce: directeurs r\u00e9gionaux appel\u00e9s \u00e0 la ferme application des mesures relatives au secteur<\/span> &#8211; <span class=\"sp-nh-date\">dimanche 5 juillet 2020 18:09<\/span><\/p>\n<p><span class=\"sp-nh-title\">JM Oran-2022: le COJM table sur la signature d\u2019une dizaine de conventions de sponsoring<\/span> &#8211; <span class=\"sp-nh-date\">dimanche 5 juillet 2020 17:58<\/span><\/p>\n<p><span class=\"sp-nh-title\">Alger : les anciens SMA participent \u00e0 l\u2019organisation d\u2019une campagne de don de sang<\/span> &#8211; <span class=\"sp-nh-date\">dimanche 5 juillet 2020 17:53<\/span><\/p>\n<p><span class=\"sp-nh-title\">La wilaya d\u2019Alger c\u00e9l\u00e8bre le 58e anniversaire de l\u2019ind\u00e9pendance pour renouveler le serment et s\u2019attacher \u00e0 la construction de Alg\u00e9rie nouvelle<\/span> &#8211; <span class=\"sp-nh-date\">dimanche 5 juillet 2020 17:50<\/span><\/p>\n<p><span class=\"sp-nh-title\">Ouargla: mise en service d\u2019un nouveau poste de transformation d\u2019\u00e9nergie \u00e9lectrique<\/span> &#8211; <span class=\"sp-nh-date\">dimanche 5 juillet 2020 17:30<\/span><\/p>\n<p><span class=\"sp-nh-title\">Covid-19 : le minist\u00e8re de l\u2019Agriculture distingue les ing\u00e9nieurs agronomes<\/span> &#8211; <span class=\"sp-nh-date\">dimanche 5 juillet 2020 17:16<\/span><\/p>\n<p><span class=\"sp-nh-title\">Covid19: 441 nouveaux cas,311 gu\u00e9risons et 6 d\u00e9c\u00e8s en Alg\u00e9rie durant les derni\u00e8res 24h<\/span> &#8211; <span class=\"sp-nh-date\">dimanche 5 juillet 2020 16:34<\/span><\/p>\n<p><span class=\"sp-nh-title\">Industriel public: recul de 6,7% de la production durant le 1er trimestre 2020<\/span> &#8211; <span class=\"sp-nh-date\">dimanche 5 juillet 2020 16:06<\/span><\/p>\n<p><span class=\"sp-nh-title\">Covid-19: L&rsquo;exp\u00e9rience alg\u00e9rienne dans la gestion des pr\u00e9parations des sportifs expos\u00e9e<\/span> &#8211; <span class=\"sp-nh-date\">dimanche 5 juillet 2020 15:47<\/span><\/p>\n<p><span class=\"sp-nh-title\">La Suisse bannit les importations agricoles en provenance du Sahara occidental occup\u00e9<\/span> &#8211; <span class=\"sp-nh-date\">dimanche 5 juillet 2020 15:39<\/span><\/p>\n<p><span class=\"sp-nh-title\">Batna : nouvelle \u00e9dition du registre d\u2019or des Chouhada de la r\u00e9gion<\/span> &#8211; <span class=\"sp-nh-date\">dimanche 5 juillet 2020 15:37<\/span><\/p>\n<p><span class=\"sp-nh-title\">Constantine: arrestation de l&rsquo;auteur d&rsquo;une vid\u00e9o attentatoire \u00e0 l\u2019EHU<\/span> &#8211; <span class=\"sp-nh-date\">dimanche 5 juillet 2020 15:26<\/span><\/p>\n<p><span class=\"sp-nh-title\">Restes mortuaires des 24 martyrs: fun\u00e9railles solennelles \u00e0 la hauteur des sacrifices<\/span> &#8211; <span class=\"sp-nh-date\">dimanche 5 juillet 2020 15:17<\/span><\/p>\n<p><span class=\"sp-nh-title\">Les restes mortuaires de 24 chefs de la R\u00e9sistance populaire inhum\u00e9s au Carr\u00e9 des martyrs du cimeti\u00e8re d&rsquo;El-Alia<\/span> &#8211; <span class=\"sp-nh-date\">dimanche 5 juillet 2020 12:40<\/span><\/p>\n<p><span class=\"sp-nh-title\">\u00a0Inhumation de cr\u00e2nes de r\u00e9sistants alg\u00e9riens : d&rsquo;un mus\u00e9e parisien au&#8230;.Carr\u00e9 des martyrs d&rsquo;El Alia\u00a0<\/span> &#8211; <span class=\"sp-nh-date\">dimanche 5 juillet 2020 12:22<\/span><\/p>\n<p><span class=\"sp-nh-title\">Barrage de la Renaissance : il est possible de parvenir \u00e0 un accord, selon Khartoum<\/span> &#8211; <span class=\"sp-nh-date\">dimanche 5 juillet 2020 12:10<\/span><\/p>\n<p><span class=\"sp-nh-title\">R\u00e9gion MENA: forte baisse de la production dans le secteur de la construction en 2020<\/span> &#8211; <span class=\"sp-nh-date\">dimanche 5 juillet 2020 12:03<\/span><\/p>\n<p>Auteur:<br \/>\n<a href=\"http:\/\/www.aps.dz\/regions\/106996-batna-nouvelle-edition-du-registre-d-or-des-chouhada-de-la-region\">Cliquez ici pour lire l&rsquo;article depuis sa source.<\/a><\/p>\n","protected":false},"excerpt":{"rendered":"<p>Le Pr\u00e9sident Tebboune re\u00e7oit un appel t\u00e9l\u00e9phonique de Fayez El-Serraj &#8211; dimanche 5 juillet 2020 18:38 La DGSN comm\u00e9more le 58e anniversaire de l\u2019ind\u00e9pendance par un riche programme &#8211; dimanche 5 juillet 2020 18:30 Khenchela: signature d\u2019une convention entre les directions des moudjahidine et de la jeunesse &#8211; dimanche 5 juillet 2020 18:26 Commerce: directeurs [&hellip;]<\/p>\n","protected":false},"author":1790,"featured_media":0,"comment_status":"closed","ping_status":"closed","sticky":false,"template":"","format":"standard","meta":{"fifu_image_url":"","fifu_image_alt":"","footnotes":""},"categories":[53,76],"tags":[],"class_list":["post-91270","post","type-post","status-publish","format-standard","hentry","category-algerie","category-regions"],"_links":{"self":[{"href":"https:\/\/linitiative.ca\/International\/wp-json\/wp\/v2\/posts\/91270","targetHints":{"allow":["GET"]}}],"collection":[{"href":"https:\/\/linitiative.ca\/International\/wp-json\/wp\/v2\/posts"}],"about":[{"href":"https:\/\/linitiative.ca\/International\/wp-json\/wp\/v2\/types\/post"}],"author":[{"embeddable":true,"href":"https:\/\/linitiative.ca\/International\/wp-json\/wp\/v2\/users\/1790"}],"replies":[{"embeddable":true,"href":"https:\/\/linitiative.ca\/International\/wp-json\/wp\/v2\/comments?post=91270"}],"version-history":[{"count":0,"href":"https:\/\/linitiative.ca\/International\/wp-json\/wp\/v2\/posts\/91270\/revisions"}],"wp:attachment":[{"href":"https:\/\/linitiative.ca\/International\/wp-json\/wp\/v2\/media?parent=91270"}],"wp:term":[{"taxonomy":"category","embeddable":true,"href":"https:\/\/linitiative.ca\/International\/wp-json\/wp\/v2\/categories?post=91270"},{"taxonomy":"post_tag","embeddable":true,"href":"https:\/\/linitiative.ca\/International\/wp-json\/wp\/v2\/tags?post=91270"}],"curies":[{"name":"wp","href":"https:\/\/api.w.org\/{rel}","templated":true}]}}