{"id":91271,"date":"2020-07-05T12:30:36","date_gmt":"2020-07-05T16:30:36","guid":{"rendered":"https:\/\/linitiative.ca\/International\/ouargla-mise-en-service-dun-nouveau-poste-de-transformation-denergie-electrique\/"},"modified":"2020-07-05T12:30:36","modified_gmt":"2020-07-05T16:30:36","slug":"ouargla-mise-en-service-dun-nouveau-poste-de-transformation-denergie-electrique","status":"publish","type":"post","link":"https:\/\/linitiative.ca\/International\/ouargla-mise-en-service-dun-nouveau-poste-de-transformation-denergie-electrique\/","title":{"rendered":"Ouargla: mise en service d\u2019un nouveau poste de transformation d\u2019\u00e9nergie \u00e9lectrique"},"content":{"rendered":"<div readability=\"34\">\n<p><strong>OUARGLA &#8211; Un nouveau poste de transformation \u00e9lectrique a \u00e9t\u00e9 mis en service dimanche dans la wilaya d\u2019Ouargla dans le cadre des festivit\u00e9s du 58\u00e8me anniversaire de l&rsquo;Ind\u00e9pendance et de la Jeunesse.<\/strong><\/p>\n<\/div>\n<div readability=\"78.600089166295\">\n<p>Inaugur\u00e9e par les autorit\u00e9s de la wilaya, cette nouvelle installation, implant\u00e9e au niveau du nouveau p\u00f4le urbain dans la commune d\u2019Ain El-Beida (Est d\u2019Ouargla), offre une puissance de 240 m\u00e9gawatts (MW), a pr\u00e9cis\u00e9 \u00e0 l\u2019APS le chef du poste, Ahmed Boukhalifa.<\/p>\n<blockquote readability=\"11\">\n<p><em><strong>Quatri\u00e8me du genre dans la wilaya, ce nouveau poste administr\u00e9 par le Gestionnaire du R\u00e9seau de Transport de l\u2019Electricit\u00e9(GRTE), filiale du Groupe SONELGAZ, vise \u00e0 baisser la haute tension de 220 \u00e0 60 kilovolts, a-t-il ajout\u00e9.<\/strong><\/em><\/p>\n<\/blockquote>\n<p>Il permettra aussi de soulager les trois anciens postes existants, dont deux sont implant\u00e9s au niveau du chef-lieu de wilaya (240 et 80 MW) et le troisi\u00e8me dans la commune de Rouissat (120 MW), a fait savoir M. Boukhalifa.<\/p>\n<p>Le nouveau poste de transformation \u00e9lectrique est aliment\u00e9 \u00e0 partir de la centrale \u00e9lectrique de Hassi-Messaoud (80 km Sud-est d\u2019Ouargla), dot\u00e9e d\u2019une puissance globale de 660,94 MW, a pr\u00e9cis\u00e9 le chef du poste.<\/p>\n<hr\/>\n<h3>Lire aussi:\u00a0<a href=\"http:\/\/www.aps.dz\/economie\/106791-djerad-l-imperative-exploitation-de-l-energie-solaire-pour-booster-l-investissement\" target=\"_blank\" rel=\"noopener noreferrer\">Djerad : l\u2019imp\u00e9rative exploitation de l\u2019\u00e9nergie solaire pour booster l\u2019investissement<\/a><\/h3>\n<hr\/>\n<p>Compos\u00e9e de trois groupes turbines \u00e0 gaz (TG) d\u2019une puissance unitaire de 220,31 MW, la centrale assure la s\u00e9curit\u00e9 de la r\u00e9gion Sud-est du pays en mati\u00e8re d\u2019alimentation en cette \u00e9nergie vitale, selon sa fiche technique.<\/p>\n<p>Les autorit\u00e9s de la wilaya ont \u00e9galement proc\u00e9d\u00e9, dans la commune d\u2019Ouargla, au lancement d\u2019un projet de 700 logements de type location-vente (LV) retenus dans le cadre du programme de l\u2019Agence nationale d&rsquo;am\u00e9lioration et du d\u00e9veloppement du logement (AADL).<\/p>\n<blockquote readability=\"9\">\n<p><em><strong>Le wali a insist\u00e9, \u00e0 cette occasion, sur la n\u00e9cessit\u00e9 d\u2019acc\u00e9l\u00e9rer le rythme des travaux de construction et d&rsquo;am\u00e9nagement pour le parach\u00e8vement des projets de l&rsquo;AADL en cours de r\u00e9alisation \u00e0 travers la wilaya dans les d\u00e9lais contractuels.<\/strong><\/em><\/p>\n<\/blockquote>\n<p>Les festivit\u00e9s de la double f\u00eate de l&rsquo;ind\u00e9pendance et de la jeunesse ont \u00e9t\u00e9 marqu\u00e9es en outre par la d\u00e9nomination de Dar Errahma (maison de retraite), situ\u00e9e \u00e0 Rouissat, au nom du d\u00e9funt Moudjahid Oumaya Mohamed Benbelkhir (1932-2016) et la lev\u00e9e de rideau sur une \u0153uvre d\u2019art, un portrait peint du Chahid Chatti El Ouakel, tomb\u00e9 au champ d\u2019honneur, lors des manifestations du 27 f\u00e9vrier 1962 \u00e0 Ouargla.<\/p>\n<\/div>\n<p>Auteur:<br \/>\n<a href=\"http:\/\/www.aps.dz\/regions\/107001-ouargla-mise-en-service-d-un-nouveau-poste-de-transformation-d-energie-electrique\">Cliquez ici pour lire l&rsquo;article depuis sa source.<\/a><\/p>\n","protected":false},"excerpt":{"rendered":"<p>OUARGLA &#8211; Un nouveau poste de transformation \u00e9lectrique a \u00e9t\u00e9 mis en service dimanche dans la wilaya d\u2019Ouargla dans le cadre des festivit\u00e9s du 58\u00e8me anniversaire de l&rsquo;Ind\u00e9pendance et de la Jeunesse. Inaugur\u00e9e par les autorit\u00e9s de la wilaya, cette nouvelle installation, implant\u00e9e au niveau du nouveau p\u00f4le urbain dans la commune d\u2019Ain El-Beida (Est [&hellip;]<\/p>\n","protected":false},"author":1790,"featured_media":0,"comment_status":"closed","ping_status":"closed","sticky":false,"template":"","format":"standard","meta":{"fifu_image_url":"","fifu_image_alt":"","footnotes":""},"categories":[53,76],"tags":[],"class_list":["post-91271","post","type-post","status-publish","format-standard","hentry","category-algerie","category-regions"],"_links":{"self":[{"href":"https:\/\/linitiative.ca\/International\/wp-json\/wp\/v2\/posts\/91271","targetHints":{"allow":["GET"]}}],"collection":[{"href":"https:\/\/linitiative.ca\/International\/wp-json\/wp\/v2\/posts"}],"about":[{"href":"https:\/\/linitiative.ca\/International\/wp-json\/wp\/v2\/types\/post"}],"author":[{"embeddable":true,"href":"https:\/\/linitiative.ca\/International\/wp-json\/wp\/v2\/users\/1790"}],"replies":[{"embeddable":true,"href":"https:\/\/linitiative.ca\/International\/wp-json\/wp\/v2\/comments?post=91271"}],"version-history":[{"count":0,"href":"https:\/\/linitiative.ca\/International\/wp-json\/wp\/v2\/posts\/91271\/revisions"}],"wp:attachment":[{"href":"https:\/\/linitiative.ca\/International\/wp-json\/wp\/v2\/media?parent=91271"}],"wp:term":[{"taxonomy":"category","embeddable":true,"href":"https:\/\/linitiative.ca\/International\/wp-json\/wp\/v2\/categories?post=91271"},{"taxonomy":"post_tag","embeddable":true,"href":"https:\/\/linitiative.ca\/International\/wp-json\/wp\/v2\/tags?post=91271"}],"curies":[{"name":"wp","href":"https:\/\/api.w.org\/{rel}","templated":true}]}}