{"id":91273,"date":"2020-07-05T10:50:52","date_gmt":"2020-07-05T14:50:52","guid":{"rendered":"https:\/\/linitiative.ca\/International\/silence-intrigant-de-la-c-f-des-litiges\/"},"modified":"2020-07-05T10:50:52","modified_gmt":"2020-07-05T14:50:52","slug":"silence-intrigant-de-la-c-f-des-litiges","status":"publish","type":"post","link":"https:\/\/linitiative.ca\/International\/silence-intrigant-de-la-c-f-des-litiges\/","title":{"rendered":"Silence intrigant de la C.F des litiges !"},"content":{"rendered":"<p class=\"p1 c3\"><span class=\"c2\"><strong>Le club sfaxien a achev\u00e9 hier le deuxi\u00e8me volet de sa pr\u00e9paration men\u00e9 pendant toute la semaine pr\u00e9c\u00e9dente sur le terrain annexe du stade Mhiri et qui fut consacr\u00e9 en parall\u00e8le \u00e0 l&rsquo;am\u00e9lioration de la condition physique des joueurs et le peaufinage des aspects technico tactique du groupe. Celui-ci s&rsquo;est vu accord\u00e9 un jour de repos (aujourd&rsquo;hui) avant d&rsquo;entrer au d\u00e9but de la semaine prochaine en stage d&rsquo;une quinzaine de jours \u00e0 Tunis qui sera , rappelons-le, ponctu\u00e9 par quatre matches amicaux contre le CA, le ST, l&rsquo;USBG et la JSK.<\/strong><\/span><\/p>\n<p class=\"p1 c3\"><span class=\"c2\"><strong><span class=\"Apple-converted-space\">\u00a0<\/span>Ce qu&rsquo;il faudrait noter c&rsquo;est qu&rsquo;au cours de ce deuxi\u00e8me volet de la pr\u00e9paration de la reprise du championnat, l&rsquo;ensemble sfaxien a enregistr\u00e9 plusieurs absences. En plus de Hamza Methlouthi qui continue de bouder les entra\u00eenements depuis le retour de l&rsquo;\u00e9quipe d&rsquo;un stage de 9 jours \u00e0 Hammam-Sousse deux joueurs continuent de briller par leur absence. Il s&rsquo;agit de Habib Ouaslati qui se trouve, actuellement, en France sans la pr\u00e9alable autorisation de ses employeurs et de Alaeddine Marzouki.<span class=\"Apple-converted-space\">\u00a0<\/span><\/strong><\/span><\/p>\n<p class=\"p1 c3\"><span class=\"c2\"><strong>Ce dernier est comme on le sait en conflit avec son club depuis plus de huit mois&rsquo; \u00e0 propos de salaires demeur\u00e9s, selon les pr\u00e9tentions du joueur impay\u00e9s. All\u00e9gations infirm\u00e9es par les responsables sfaxiens qui soulignent, preuves \u00e0 l&rsquo;appui, que le joueur a per\u00e7u la totalit\u00e9 de ses salaires \u00e0 l&rsquo;exception d&rsquo;une partie de sa prime de rendement qui sera d\u00e9termin\u00e9e \u00e0 la fin de la saison en fonction des matches qu&rsquo;il a disput\u00e9s. est en situation r\u00e9guli\u00e8re avec le joueur auquel ils reprochent de s&rsquo;\u00eatre rebell\u00e9 contre le club en refusant \u00e0 trois reprises de se pr\u00e9senter devant le conseil de discipline et d&rsquo;avoir failli \u00e0 ses devoir envers lui.<\/strong><\/span><\/p>\n<p class=\"p2 c4\">\u00a0<\/p>\n<p class=\"p3 c5\"><span class=\"c2\"><strong>Les supporters unanimes;<span class=\"Apple-converted-space\">\u00a0<\/span><\/strong><\/span><\/p>\n<p class=\"p3 c5\"><span class=\"c2\"><strong>Le d\u00e9part de Marzouki<span class=\"Apple-converted-space\">\u00a0<\/span><\/strong><\/span><\/p>\n<p class=\"p3 c5\"><span class=\"c2\"><strong>ne repr\u00e9sente pas une grande perte pour le club<\/strong><\/span><\/p>\n<p class=\"p1 c3\"><span class=\"c2\"><strong>Les supporters &lsquo;Noir et Blanc&rsquo; tout en qualifiant d&rsquo;intriguant l&rsquo;\u00e9norme retard mis par la commission f\u00e9d\u00e9rale des litiges pour trancher dans cette affaire qui a fait couler jusqu&rsquo;ici beaucoup de salive et d&rsquo;encre estiment qu&rsquo;une \u00e9ventuelle s\u00e9paration avec un attaquant \u00e2g\u00e9 aujourd&rsquo;hui de 29 ans ne constituerait pas une grande perte pour le club.<span class=\"Apple-converted-space\">\u00a0<\/span><\/strong><\/span><\/p>\n<p class=\"p1 c3\"><span class=\"c2\"><strong>Surtout avec le retour en force de l&rsquo;attaquant alg\u00e9rien Zakara Benchaa, la perc\u00e9e du jeune avant centre de la s\u00e9lection olympique B\u00e9chir Ghariani et la proche<span class=\"Apple-converted-space\">\u00a0<\/span> r\u00e9cup\u00e9ration de Firas Chaouat dont la p\u00e9riode de pr\u00eat au club Abha saoudien prendra fin au mois de septembre prochain.<\/strong><\/span><\/p>\n<p class=\"p2 c4\">\u00a0<\/p>\n<p class=\"p3 c5\"><span class=\"c2\"><strong>Une campagne de collecte<span class=\"Apple-converted-space\">\u00a0<\/span><\/strong><\/span><\/p>\n<p class=\"p3 c5\"><span class=\"c2\"><strong>de fonds par les supporters, une n\u00e9cessit\u00e9 imp\u00e9rative<span class=\"Apple-converted-space\">\u00a0<\/span><\/strong><\/span><\/p>\n<p class=\"p1 c3\"><span class=\"c2\"><strong>A l&rsquo;oppos\u00e9 de ces deux joueurs et de Sokari qui menace lui aussi de se plaindre aupr\u00e8s du TAS pour salaires impay\u00e9s, les supporters saluent la patience des autres joueurs de l&rsquo;\u00e9quipe qui ont fait preuve de compr\u00e9hension \u00e0 l&rsquo;\u00e9gard de leur club en butte \u00e0 l&rsquo;instar de<span class=\"Apple-converted-space\">\u00a0<\/span> la quasi totalit\u00e9 des clubs tunisiens \u00e0 de grandes difficult\u00e9s financi\u00e8res aggrav\u00e9es<span class=\"Apple-converted-space\">\u00a0<\/span> par les retomb\u00e9es de la pand\u00e9mie du coronavirus.<span class=\"Apple-converted-space\">\u00a0<\/span><\/strong><\/span><\/p>\n<p class=\"p1 c3\"><span class=\"c2\"><strong>Mais le plus important est que la masse des supporters doivent comprendre<span class=\"Apple-converted-space\">\u00a0<\/span> aujourd&rsquo;hui plus que jamais que le salut de leur club passe indispensablement par une consistante campagne de collecte de fonds pour que le CSS puisse sortir<span class=\"Apple-converted-space\">\u00a0<\/span> du creux de la vague.<span class=\"Apple-converted-space\">\u00a0<\/span><\/strong><\/span><\/p>\n<p class=\"p4 c6\"><span class=\"c2\"><strong>Ameur KERKENNI<span class=\"Apple-converted-space\">\u00a0<\/span><\/strong><\/span><\/p>\n<p>Auteur: letemps1<br \/>\n<a href=\"http:\/\/www.letemps.com.tn\/article\/115403\/silence-intrigant-de-la-cf-des-litiges\">Cliquez ici pour lire l&rsquo;article depuis sa source.<\/a><\/p>\n","protected":false},"excerpt":{"rendered":"<p>Le club sfaxien a achev\u00e9 hier le deuxi\u00e8me volet de sa pr\u00e9paration men\u00e9 pendant toute la semaine pr\u00e9c\u00e9dente sur le terrain annexe du stade Mhiri et qui fut consacr\u00e9 en parall\u00e8le \u00e0 l&rsquo;am\u00e9lioration de la condition physique des joueurs et le peaufinage des aspects technico tactique du groupe. Celui-ci s&rsquo;est vu accord\u00e9 un jour de [&hellip;]<\/p>\n","protected":false},"author":1773,"featured_media":0,"comment_status":"closed","ping_status":"closed","sticky":false,"template":"","format":"standard","meta":{"fifu_image_url":"","fifu_image_alt":"","footnotes":""},"categories":[73,55],"tags":[],"class_list":["post-91273","post","type-post","status-publish","format-standard","hentry","category-actualite","category-tunisie"],"_links":{"self":[{"href":"https:\/\/linitiative.ca\/International\/wp-json\/wp\/v2\/posts\/91273","targetHints":{"allow":["GET"]}}],"collection":[{"href":"https:\/\/linitiative.ca\/International\/wp-json\/wp\/v2\/posts"}],"about":[{"href":"https:\/\/linitiative.ca\/International\/wp-json\/wp\/v2\/types\/post"}],"author":[{"embeddable":true,"href":"https:\/\/linitiative.ca\/International\/wp-json\/wp\/v2\/users\/1773"}],"replies":[{"embeddable":true,"href":"https:\/\/linitiative.ca\/International\/wp-json\/wp\/v2\/comments?post=91273"}],"version-history":[{"count":0,"href":"https:\/\/linitiative.ca\/International\/wp-json\/wp\/v2\/posts\/91273\/revisions"}],"wp:attachment":[{"href":"https:\/\/linitiative.ca\/International\/wp-json\/wp\/v2\/media?parent=91273"}],"wp:term":[{"taxonomy":"category","embeddable":true,"href":"https:\/\/linitiative.ca\/International\/wp-json\/wp\/v2\/categories?post=91273"},{"taxonomy":"post_tag","embeddable":true,"href":"https:\/\/linitiative.ca\/International\/wp-json\/wp\/v2\/tags?post=91273"}],"curies":[{"name":"wp","href":"https:\/\/api.w.org\/{rel}","templated":true}]}}