{"id":91274,"date":"2020-07-05T10:52:36","date_gmt":"2020-07-05T14:52:36","guid":{"rendered":"https:\/\/linitiative.ca\/International\/ridha-charfeddine-rompt-le-silence-lemerre-est-lhomme-de-la-situation-malheureusement\/"},"modified":"2020-07-05T10:52:36","modified_gmt":"2020-07-05T14:52:36","slug":"ridha-charfeddine-rompt-le-silence-lemerre-est-lhomme-de-la-situation-malheureusement","status":"publish","type":"post","link":"https:\/\/linitiative.ca\/International\/ridha-charfeddine-rompt-le-silence-lemerre-est-lhomme-de-la-situation-malheureusement\/","title":{"rendered":"Ridha Charfeddine  rompt le silence :: \u00ab Lemerre est l\u2019homme de la situation, malheureusement\u2026  \u00bb"},"content":{"rendered":"<p class=\"p1 c3\"><span class=\"c2\">Suite \u00e0 la prolif\u00e9ration des rumeurs et interpr\u00e9tations relatives \u00e0 la marche du club dans cette p\u00e9riode transitoire \u00ab compliqu\u00e9e \u00bb,le pr\u00e9sident de l\u2019Etoile Dr Ridha Charfeddine vient de rompre le silence lors d\u2019une interview accord\u00e9e au site officiel du club, afin d\u2019\u00e9clairer l\u2019opinion publique et tenter de donner des signes relativement rassurants sur l\u2019avenir de l\u2019ESS et r\u00e9it\u00e9rer son engagement envers le club \u00ab Ce n\u2019est un secret pour personne, la situation financi\u00e8re du club est loin d\u2019\u00eatre reluisante, compte tenu de la pr\u00e9carit\u00e9 de conjoncture globale endur\u00e9e par tous les secteurs et qui p\u00e8sent lourdement sur tout le monde, moi en premier. Je suis en train de me battre pour subvenir aux besoins grandissant du club en l\u2019absence de sponsors ou d\u2019autres contributions. Les joueurs ont \u00e9t\u00e9 pay\u00e9s jusqu\u2019au mois de mars et nous avons d\u00e9bloqu\u00e9 leurs arri\u00e9r\u00e9s avant le stage de Hammam Bourguiba. Malheureusement, certains joueurs ont pratiquement fait une mutinerie en refusant de participer \u00e0 ce rassemblement, chose qui a pouss\u00e9 la direction et le staff technique \u00e0 emmener les joueurs qui affichent de la motivation et de l\u2019engagement \u00bb<\/span><\/p>\n<p class=\"p2 c4\">\u00a0<\/p>\n<p class=\"p3 c5\"><span class=\"c2\"><strong>Rationaliser la gestion<span class=\"Apple-converted-space\">\u00a0<\/span><\/strong><\/span><\/p>\n<p class=\"p3 c5\"><span class=\"c2\"><strong>du club<span class=\"Apple-converted-space\">\u00a0<\/span><\/strong><\/span><\/p>\n<p class=\"p1 c3\"><span class=\"c2\">Dans ce contexte relatif aux finances du club, le patron de l\u2019Etoile a avou\u00e9 \u00ab Il faudrait que tout le monde sache qu\u2019ils ont affaire \u00e0 des gens cr\u00e9dibles et que nous sommes d\u00e9termin\u00e9s \u00e0 r\u00e9gulariser la situation de tout le monde.<span class=\"Apple-converted-space\">\u00a0<\/span><\/span><\/p>\n<p class=\"p1 c3\"><span class=\"c2\">Je demande toutefois de la patience et de la compr\u00e9hension compte tenu de la complexit\u00e9 du contexte actuel. Je ne suis<span class=\"Apple-converted-space\">\u00a0<\/span> pas d\u00e9tenteur d\u2019une banque pour pouvoir r\u00e9soudre imm\u00e9diatement, tous les probl\u00e8mes.<\/span><\/p>\n<p class=\"p1 c3\"><span class=\"c2\">Une chose est certaine, on est en train d\u2019\u0153uvrer pour mettre en place une strat\u00e9gie manag\u00e9riale et sportive nous permettant de r\u00e9duire tant soit peu le d\u00e9calage entre les d\u00e9penses et les revenus qui avoisine les 12 millions de dinars, puisqu\u2019on a d\u00e9pens\u00e9 25 millions de dinars, or les rentr\u00e9es d\u2019argent n\u2019ont pas d\u00e9pass\u00e9 les 13 millions de dinars.<\/span><\/p>\n<p class=\"p1 c3\"><span class=\"c2\">Tenant compte de ce constat, nous nous sommes r\u00e9solus \u00e0 rompre avec les contrats exorbitants et \u00e0 ne pas prolonger les bails respectifs des joueurs en fin de contrat, tout en misant d\u00e9sormais sur les purs produits du centre de formation qui sont bourr\u00e9s de talent et qui piaffent d\u2019impatience pour montrer l\u2019\u00e9tendue de leur talent. Un choix \u00e0 la fois strat\u00e9gique et sportif que nous comptons r\u00e9ussir \u00bb<\/span><\/p>\n<p class=\"p2 c4\">\u00a0<\/p>\n<p class=\"p3 c5\"><span class=\"c2\"><strong>\u00ab Nous honorerons<span class=\"Apple-converted-space\">\u00a0<\/span><\/strong><\/span><\/p>\n<p class=\"p3 c5\"><span class=\"c2\"><strong>nos engagements envers la FIFA \u00bb<\/strong><\/span><\/p>\n<p class=\"p1 c3\"><span class=\"c2\">Toujours dans ce registre purement financier et en rapport avec les imbroglios juridiques et financiers avec la FIFA, Dr Ridha Charfeddine a tenu \u00e0 rassurer le public sah\u00e9lien de sa d\u00e9termination \u00e0 s\u2019acquitter des diff\u00e9rents dossiers \u00e0 ce niveau \u00ab Je l\u2019avoue, nous avons des proc\u00e8s aupr\u00e8s de la FIFA, mais je dois rassurer tout le monde que l\u2019Etoile respectera int\u00e9gralement ses engagements et nous sommes en train d\u2019\u0153uvrer pour \u00e7a et faire \u00e9viter ainsi notre club les poursuites judiciaires. Je profite de l\u2019occasion pour faire taire les mauvaises langues qui se posent des questions sur le sort des montants encaiss\u00e9s par la vente de certains joueurs ou les revenus occasionn\u00e9s par l\u2019octroi de la coupe arabe. Toutes nos op\u00e9rations se font dans la transparence totale et conform\u00e9ment des r\u00e8gles les plus strictes en mati\u00e8re de tra\u00e7abilit\u00e9 et de l\u00e9galit\u00e9.<\/span><\/p>\n<p class=\"p1 c3\"><span class=\"c2\">D\u2019ailleurs,je vais demander l\u2019affectation d\u2019experts financiers et juridiques pour veiller sur la v\u00e9racit\u00e9 et la fiabilit\u00e9 des op\u00e9rations r\u00e9alis\u00e9es \u00bb.<\/span><\/p>\n<p class=\"p3 c5\"><span class=\"c2\"><strong>\u00ab Lemerre est grandement<span class=\"Apple-converted-space\">\u00a0<\/span><\/strong><\/span><\/p>\n<p class=\"p3 c5\"><span class=\"c2\"><strong>motiv\u00e9 mais<span class=\"Apple-converted-space\">\u00a0<\/span> .. \u00bb<\/strong><\/span><\/p>\n<p class=\"p1 c3\"><span class=\"c2\">Au sujet du futur homme de la situation, le, pr\u00e9sident \u00e9toil\u00e9 s\u2019est fix\u00e9 comme priorit\u00e9 le rappel de l\u2019incontournable Roger Lemerre \u00ab Pour l\u2019\u00e9tape \u00e0 venir, nous avons pens\u00e9 recruter un technicien d\u2019envergure et charismatique, en la personne de Roger Lemerre.<span class=\"Apple-converted-space\">\u00a0<\/span><\/span><\/p>\n<p class=\"p1 c3\"><span class=\"c2\">Nous sommes en contacts avanc\u00e9s avec lui et il s\u2019est dit grandement motiv\u00e9 pour mener \u00e0 bien cette nouvelle mission et ses nouveaux param\u00e8tres,<span class=\"Apple-converted-space\">\u00a0<\/span> malheureusement, certaines personnes malveillantes tentent toujours de le dissuader, en lui donnant une image terne sur ce qui se passe \u00e0 l\u2019Etoile. De toutes les mani\u00e8res, nous allons trancher sur la question lors de ce week-end avec Roger Lemerre, \u00e0d\u00e9faut, nous opterons pour d\u2019autres pistes \u00bb.<\/span><\/p>\n<p class=\"p1 c3\"><span class=\"c2\">En bref, le pr\u00e9sident de l\u2019Etoile Dr Ridha Charfeddine a \u00e9t\u00e9 clairement explicite sur les principaux volets touchant la gestion du club sah\u00e9lien, mais tous ceux qui s\u2019int\u00e9ressent de pr\u00e8s ou de loin aux affaires de l\u2019ESS doivent bien se rendre compte que la pr\u00e9carit\u00e9 de la situation est toujours d\u2019actualit\u00e9, malgr\u00e9l\u2019engagement scrupuleux du patron du club et l\u2019effort financier surnaturel qu\u2019il est en train de faire et<span class=\"Apple-converted-space\">\u00a0<\/span> dont la d\u00e9pendance \u00e0 la seule personne de Ridha Charfeddine est pr\u00e9judiciable, d\u2019o\u00f9 l\u2019imminence et l\u2019obligation de traiter fondamentalement et durablement les sujets br\u00fblants du club sah\u00e9lien.<\/span><\/p>\n<p class=\"p4 c6\"><span class=\"c2\"><strong>Hatem REGAIEG <span class=\"Apple-converted-space\">\u00a0<\/span><\/strong><\/span><\/p>\n<p>Auteur: letemps1<br \/>\n<a href=\"http:\/\/www.letemps.com.tn\/article\/115404\/ridha-charfeddine-rompt-le-silence-%C2%AB-lemerre-est-l%E2%80%99homme-de-la-situation\">Cliquez ici pour lire l&rsquo;article depuis sa source.<\/a><\/p>\n","protected":false},"excerpt":{"rendered":"<p>Suite \u00e0 la prolif\u00e9ration des rumeurs et interpr\u00e9tations relatives \u00e0 la marche du club dans cette p\u00e9riode transitoire \u00ab compliqu\u00e9e \u00bb,le pr\u00e9sident de l\u2019Etoile Dr Ridha Charfeddine vient de rompre le silence lors d\u2019une interview accord\u00e9e au site officiel du club, afin d\u2019\u00e9clairer l\u2019opinion publique et tenter de donner des signes relativement rassurants sur l\u2019avenir [&hellip;]<\/p>\n","protected":false},"author":1773,"featured_media":0,"comment_status":"closed","ping_status":"closed","sticky":false,"template":"","format":"standard","meta":{"fifu_image_url":"","fifu_image_alt":"","footnotes":""},"categories":[73,55],"tags":[],"class_list":["post-91274","post","type-post","status-publish","format-standard","hentry","category-actualite","category-tunisie"],"_links":{"self":[{"href":"https:\/\/linitiative.ca\/International\/wp-json\/wp\/v2\/posts\/91274","targetHints":{"allow":["GET"]}}],"collection":[{"href":"https:\/\/linitiative.ca\/International\/wp-json\/wp\/v2\/posts"}],"about":[{"href":"https:\/\/linitiative.ca\/International\/wp-json\/wp\/v2\/types\/post"}],"author":[{"embeddable":true,"href":"https:\/\/linitiative.ca\/International\/wp-json\/wp\/v2\/users\/1773"}],"replies":[{"embeddable":true,"href":"https:\/\/linitiative.ca\/International\/wp-json\/wp\/v2\/comments?post=91274"}],"version-history":[{"count":0,"href":"https:\/\/linitiative.ca\/International\/wp-json\/wp\/v2\/posts\/91274\/revisions"}],"wp:attachment":[{"href":"https:\/\/linitiative.ca\/International\/wp-json\/wp\/v2\/media?parent=91274"}],"wp:term":[{"taxonomy":"category","embeddable":true,"href":"https:\/\/linitiative.ca\/International\/wp-json\/wp\/v2\/categories?post=91274"},{"taxonomy":"post_tag","embeddable":true,"href":"https:\/\/linitiative.ca\/International\/wp-json\/wp\/v2\/tags?post=91274"}],"curies":[{"name":"wp","href":"https:\/\/api.w.org\/{rel}","templated":true}]}}