{"id":91275,"date":"2020-07-05T10:54:03","date_gmt":"2020-07-05T14:54:03","guid":{"rendered":"https:\/\/linitiative.ca\/International\/568-cartes-dadherents-deja-vendues\/"},"modified":"2020-07-05T10:54:03","modified_gmt":"2020-07-05T14:54:03","slug":"568-cartes-dadherents-deja-vendues","status":"publish","type":"post","link":"https:\/\/linitiative.ca\/International\/568-cartes-dadherents-deja-vendues\/","title":{"rendered":"568 cartes d\u2019adh\u00e9rents d\u00e9j\u00e0 vendues !"},"content":{"rendered":"<p>CA En pr\u00e9vision de l\u2019A.G.\u00e9lective pr\u00e9vue le 19 juillet<\/p>\n<footer class=\"submitted clearfix\">\n<p><span class=\"date-display-single\" property=\"dc:date\" datatype=\"xsd:dateTime\" content=\"2020-07-05T00:00:00+01:00\">Dimanche 5 Juillet 2020<\/span><\/p>\n<\/footer>\n<div class=\"content clearfix\" readability=\"41.388200431034\"><span class=\"print-link\"><span class=\"print_html\"><a href=\"http:\/\/www.letemps.com.tn\/print\/115405\" title=\"Display a printer-friendly version of this page.\" class=\"print-page\" onclick=\"window.open(this.href); return false\" rel=\"nofollow\"><img decoding=\"async\" class=\"print-icon\" typeof=\"foaf:Image\" src=\"http:\/\/www.letemps.com.tn\/sites\/all\/modules\/print\/icons\/print_icon.gif\" alt=\"\u0646\u0633\u062e\u0629 \u0644\u0644\u0637\u0628\u0627\u0639\u0629\" title=\"\u0646\u0633\u062e\u0629 \u0644\u0644\u0637\u0628\u0627\u0639\u0629\"\/><\/a><\/span><\/span><\/p>\n<div class=\"beacon9-social\">\n<p><iframe src=\"http:\/\/www.facebook.com\/plugins\/like.php?href=http%3A%2F%2Fwww.letemps.com.tn%2Farticle%2F115405%2F568-cartes-d%25E2%2580%2599adh%25C3%25A9rents-d%25C3%25A9j%25C3%25A0-vendues&amp;layout=button_count&amp;show_faces=false&amp;action=like&amp;font=arial&amp;colorscheme=light\" scrolling=\"no\" frameborder=\"0\" class=\"c1\" allowtransparency=\"true\">[embedded content]<\/iframe><\/p>\n<\/div>\n<div class=\"field field-name-field-op-main-image field-type-image field-label-hidden field-items field-item even\"><img loading=\"lazy\" decoding=\"async\" typeof=\"foaf:Image\" src=\"http:\/\/www.letemps.com.tn\/sites\/www.letemps.com.tn\/files\/styles\/620px_wide\/public\/main\/articles\/P13-COUL-N6_0.JPG\" width=\"675\" height=\"379\" alt=\"\"\/><\/div>\n<div class=\"field field-name-body field-type-text-with-summary field-label-hidden field-items field-item even\" readability=\"53\">\n<p class=\"p1 c3\"><span class=\"c2\">La FTF continue de publier le nombre de cartes d\u2019adh\u00e9rents vendues. Elles sont 568 apr\u00e8s cinq jours g\u00e9n\u00e9rant ainsi la somme de 28,4 mille dinars. Les Clubistes en possession de ces cartes ai titre de la saison 2019\/2020 auront la possibilit\u00e9 d\u2019assister \u00e0 la prochaine assembl\u00e9e g\u00e9n\u00e9rale \u00e9lective pr\u00e9vue le 19 juillet .<\/span><\/p>\n<p class=\"p2 c4\">\u00a0<\/p>\n<p class=\"p3 c5\"><strong><span class=\"c2\">Mehdi Gharbi \u00e0 la t\u00eate<span class=\"Apple-converted-space\">\u00a0<\/span><\/span><\/strong><\/p>\n<p class=\"p3 c5\"><strong><span class=\"c2\">d\u2019un comit\u00e9 \u00e9largi<\/span><\/strong><\/p>\n<p class=\"p1 c3\"><span class=\"c2\">En parlant du successeur de Abdessalem El Younsi, les supputations vont bon train et au cours des derni\u00e8res heures, c\u2019est le nom de Mehdi Gharbi qui a \u00e9t\u00e9 plus d\u2019une fois cit\u00e9. Ce dernier aura la possibilit\u00e9 de compter sur les services de Youssef el Elmi et Marou\u00e8neHammaoudia. Le nouveau directeur aura \u00e9galement la possibilit\u00e9 de compter sur le soutien financier d\u2019un bon nombre d\u2019hommes d\u2019affaires. Il est \u00e9galement question d\u2019un m\u00e9c\u00e8ne dont on tait le nom car ce dernier est ind\u00e9cis et c\u2019est surtout le fait de ne pas en savoir davantage sur la situation financi\u00e8re du club qui le freine. En fait, et il n\u2019est pas le premier et encore moins le dernier, il a peur des mauvaises surprises\u2026<\/span><\/p>\n<p class=\"p2 c4\">\u00a0<\/p>\n<p class=\"p3 c5\"><strong><span class=\"c2\">Demain la reprise<\/span><\/strong><\/p>\n<p class=\"p1 c3\"><span class=\"c2\">Les entrainements de l\u2019\u00e9quipe senior du Club Africain reprendront demain lundi apr\u00e8s un repos de deux jours. Les joueurs se retrouveront au stade ChedlyZouiten apr\u00e8s le stage de Hammam-Bourguiba ponctu\u00e9 par un succ\u00e8s probant devant l\u2019Etoile Sportive KhmirienneA\u00efnDraham.Les joueurs de Lass\u00e2ad Dridi se sont impos\u00e9s sur le score de sept buts \u00e0 z\u00e9ro. Au cours de ce stage, LassaadDridi a pu se faire une id\u00e9e encore plus grande sur son attaquant Carlos Chavarria. Ce dernier a marqu\u00e9 le but de l\u2019\u00e9galisation face au Stade Tunisien et devrait remplacer Yassine Chammamkhi en pointe et jouer aux c\u00f4t\u00e9s de Compaor\u00e9 pour former avec ce dernier la nouvelle paire d\u2019attaque du Club Africain<\/span><\/p>\n<p class=\"p4 c6\"><strong><span class=\"c2\">Mourad AYARI<\/span><\/strong><\/p>\n<\/div>\n<\/div>\n<p>Auteur: letemps1<br \/>\n<a href=\"http:\/\/www.letemps.com.tn\/article\/115405\/568-cartes-d%E2%80%99adh%C3%A9rents-d%C3%A9j%C3%A0-vendues\">Cliquez ici pour lire l&rsquo;article depuis sa source.<\/a><\/p>\n","protected":false},"excerpt":{"rendered":"<p>CA En pr\u00e9vision de l\u2019A.G.\u00e9lective pr\u00e9vue le 19 juillet Dimanche 5 Juillet 2020 [embedded content] La FTF continue de publier le nombre de cartes d\u2019adh\u00e9rents vendues. Elles sont 568 apr\u00e8s cinq jours g\u00e9n\u00e9rant ainsi la somme de 28,4 mille dinars. Les Clubistes en possession de ces cartes ai titre de la saison 2019\/2020 auront la [&hellip;]<\/p>\n","protected":false},"author":1773,"featured_media":91276,"comment_status":"closed","ping_status":"closed","sticky":false,"template":"","format":"standard","meta":{"fifu_image_url":"","fifu_image_alt":"","footnotes":""},"categories":[73,55],"tags":[],"class_list":["post-91275","post","type-post","status-publish","format-standard","has-post-thumbnail","hentry","category-actualite","category-tunisie"],"_links":{"self":[{"href":"https:\/\/linitiative.ca\/International\/wp-json\/wp\/v2\/posts\/91275","targetHints":{"allow":["GET"]}}],"collection":[{"href":"https:\/\/linitiative.ca\/International\/wp-json\/wp\/v2\/posts"}],"about":[{"href":"https:\/\/linitiative.ca\/International\/wp-json\/wp\/v2\/types\/post"}],"author":[{"embeddable":true,"href":"https:\/\/linitiative.ca\/International\/wp-json\/wp\/v2\/users\/1773"}],"replies":[{"embeddable":true,"href":"https:\/\/linitiative.ca\/International\/wp-json\/wp\/v2\/comments?post=91275"}],"version-history":[{"count":0,"href":"https:\/\/linitiative.ca\/International\/wp-json\/wp\/v2\/posts\/91275\/revisions"}],"wp:featuredmedia":[{"embeddable":true,"href":"https:\/\/linitiative.ca\/International\/wp-json\/"}],"wp:attachment":[{"href":"https:\/\/linitiative.ca\/International\/wp-json\/wp\/v2\/media?parent=91275"}],"wp:term":[{"taxonomy":"category","embeddable":true,"href":"https:\/\/linitiative.ca\/International\/wp-json\/wp\/v2\/categories?post=91275"},{"taxonomy":"post_tag","embeddable":true,"href":"https:\/\/linitiative.ca\/International\/wp-json\/wp\/v2\/tags?post=91275"}],"curies":[{"name":"wp","href":"https:\/\/api.w.org\/{rel}","templated":true}]}}