{"id":91277,"date":"2020-07-05T10:55:02","date_gmt":"2020-07-05T14:55:02","guid":{"rendered":"https:\/\/linitiative.ca\/International\/al-ahly-refuse-larbitre-gassama-pour-son-match-contre-le-wac\/"},"modified":"2020-07-05T10:55:02","modified_gmt":"2020-07-05T14:55:02","slug":"al-ahly-refuse-larbitre-gassama-pour-son-match-contre-le-wac","status":"publish","type":"post","link":"https:\/\/linitiative.ca\/International\/al-ahly-refuse-larbitre-gassama-pour-son-match-contre-le-wac\/","title":{"rendered":"Al Ahly refuse l\u2019arbitre Gassama, pour son match contre le WAC\u00a0!"},"content":{"rendered":"<p class=\"p1 c3\"><span class=\"c2\">Al Ahly, par la voix de son directeur du football, refuse la nomination de Bakary Gassama pour la demi-finale de la Ligue des Champions face au Wydad. Les rumeurs ont r\u00e9cemment sugg\u00e9r\u00e9 que le Gambien Bakary Gassama pourrait diriger la demi-finale de Ligue des Champions Wydad-Ahly. Une piste que le club \u00e9gyptien refuse cat\u00e9goriquement.<\/span><\/p>\n<p class=\"p1 c3\"><span class=\"c2\">Sayed Abdelhafid, directeur du football au club Al-Ahly, l\u2019a signifi\u00e9, <span class=\"Apple-converted-space\">\u00a0<\/span> jeudi dernier, lors d\u2019un passage t\u00e9l\u00e9vis\u00e9. \u00abGassama vient tout juste d\u2019arbitrer notre quart de finale retour contre le Mamelodi Sundowns, comment peut-il \u00eatre d\u00e9sign\u00e9 de nouveau?\u00bb, s\u2019interroge le dirigeant \u00e9gyptien. Il \u00e9tait en effet au sifflet lors de ce match, jou\u00e9 le 7 mars en Afrique du Sud, qui s\u2019est sold\u00e9 par un nul favorable aux visiteurs apr\u00e8s une nette victoire \u00e0 l\u2019aller (2-0).<\/span><\/p>\n<p class=\"p1 c3\"><span class=\"c2\">\u00abGassama n\u2019est pas le seul arbitre du continent\u00bb, ajoute Sayed Abdelhafid qui rappelle qu\u2019il y a d\u2019autres hommes en noir exp\u00e9riment\u00e9s qui pourraient \u00eatre d\u00e9sign\u00e9s comme l\u2019\u00c9thiopien Bamlak Tessema et le Sud-Africain Victor Gomes.<\/span><\/p>\n<p class=\"p1 c3\"><span class=\"c2\">Il est vrai que<span class=\"Apple-converted-space\">\u00a0<\/span> Gaassama s\u2019est montr\u00e9 assez tol\u00e9rant avec les joueurs du WAC ,en finale de la pr\u00e9c\u00e9dente \u00e9dition contre l\u2019EST, \u00e0 Rad\u00e8s. Ainsi le club cairote est d\u2019ores er d\u00e9j\u00e0 averti\u00a0!!<\/span><\/p>\n<p class=\"p2 c4\"><span class=\"c2\"><strong>R.B.A<\/strong><\/span><\/p>\n<p>Auteur: letemps1<br \/>\n<a href=\"http:\/\/www.letemps.com.tn\/article\/115406\/al-ahly-refuse-l%E2%80%99arbitre-gassama-pour-son-match-contre-le-wac%C2%A0\">Cliquez ici pour lire l&rsquo;article depuis sa source.<\/a><\/p>\n","protected":false},"excerpt":{"rendered":"<p>Al Ahly, par la voix de son directeur du football, refuse la nomination de Bakary Gassama pour la demi-finale de la Ligue des Champions face au Wydad. Les rumeurs ont r\u00e9cemment sugg\u00e9r\u00e9 que le Gambien Bakary Gassama pourrait diriger la demi-finale de Ligue des Champions Wydad-Ahly. Une piste que le club \u00e9gyptien refuse cat\u00e9goriquement. Sayed [&hellip;]<\/p>\n","protected":false},"author":1773,"featured_media":0,"comment_status":"closed","ping_status":"closed","sticky":false,"template":"","format":"standard","meta":{"fifu_image_url":"","fifu_image_alt":"","footnotes":""},"categories":[73,55],"tags":[],"class_list":["post-91277","post","type-post","status-publish","format-standard","hentry","category-actualite","category-tunisie"],"_links":{"self":[{"href":"https:\/\/linitiative.ca\/International\/wp-json\/wp\/v2\/posts\/91277","targetHints":{"allow":["GET"]}}],"collection":[{"href":"https:\/\/linitiative.ca\/International\/wp-json\/wp\/v2\/posts"}],"about":[{"href":"https:\/\/linitiative.ca\/International\/wp-json\/wp\/v2\/types\/post"}],"author":[{"embeddable":true,"href":"https:\/\/linitiative.ca\/International\/wp-json\/wp\/v2\/users\/1773"}],"replies":[{"embeddable":true,"href":"https:\/\/linitiative.ca\/International\/wp-json\/wp\/v2\/comments?post=91277"}],"version-history":[{"count":0,"href":"https:\/\/linitiative.ca\/International\/wp-json\/wp\/v2\/posts\/91277\/revisions"}],"wp:attachment":[{"href":"https:\/\/linitiative.ca\/International\/wp-json\/wp\/v2\/media?parent=91277"}],"wp:term":[{"taxonomy":"category","embeddable":true,"href":"https:\/\/linitiative.ca\/International\/wp-json\/wp\/v2\/categories?post=91277"},{"taxonomy":"post_tag","embeddable":true,"href":"https:\/\/linitiative.ca\/International\/wp-json\/wp\/v2\/tags?post=91277"}],"curies":[{"name":"wp","href":"https:\/\/api.w.org\/{rel}","templated":true}]}}