{"id":91278,"date":"2020-07-05T10:55:37","date_gmt":"2020-07-05T14:55:37","guid":{"rendered":"https:\/\/linitiative.ca\/International\/le-coach-de-man-united-solskjaer-pense-deja-au-mercato\/"},"modified":"2020-07-05T10:55:37","modified_gmt":"2020-07-05T14:55:37","slug":"le-coach-de-man-united-solskjaer-pense-deja-au-mercato","status":"publish","type":"post","link":"https:\/\/linitiative.ca\/International\/le-coach-de-man-united-solskjaer-pense-deja-au-mercato\/","title":{"rendered":"Le coach de Man.United, Solskjaer pense d\u00e9j\u00e0 au mercato"},"content":{"rendered":"<p class=\"p1 c3\"><span class=\"c2\">Alors que les Red Devils doivent encore batailler pour se qualifier en Ligue des champions, leur entra\u00eeneur se projette d\u00e9j\u00e0 sur le mercato.<\/span><\/p>\n<p class=\"p1 c3\"><span class=\"c2\">Ole Gunnar Solskjaer admet que\u00a0Manchester United\u00a0doit prendre \u00abune ou deux\u00bb tr\u00e8s bonnes d\u00e9cisions lors du mercato s\u2019il veut rivaliser avec\u00a0Liverpool\u00a0etManchester City\u00a0pour le titre la saison prochaine &#8211; mais il ne veut que des joueurs avec le bon ADN et la bonne identit\u00e9 au club.<\/span><\/p>\n<p class=\"p1 c3\"><span class=\"c2\">La s\u00e9rie de 15 matches sans d\u00e9faite de United et sa bonne forme depuis la reprise ont incit\u00e9 beaucoup de gens \u00e0 s\u2019enthousiasmer pour le potentiel de l\u2019\u00e9quipe pour la saison prochaine.<\/span><\/p>\n<p class=\"p1 c3\"><span class=\"c2\">Si l\u2019\u00e9quipe de Solskjaer a r\u00e9duit l\u2019\u00e9cart avec\u00a0Chelsea, quatri\u00e8me, et Leicester, troisi\u00e8me, \u00e0 deux et trois points respectivement, elle compte toujours 34 points de retard sur Liverpool, champion, et 14 sur Pep Guardiola et son Manchester\u00a0City.<\/span><\/p>\n<p class=\"p1 c3\"><span class=\"c2\">L\u2019ancien capitaine du club, Gary Neville, a d\u00e9clar\u00e9 apr\u00e8s la victoire 3-0 contreBrighton\u00a0mardi que United avait besoin de trois ou quatre joueurs suppl\u00e9mentaires pour combler l\u203a\u00e9cart avec ses rivaux et se rapprocher d\u203aun premier titre depuis la retraite de Sir Alex Ferguson en 2013.<\/span><\/p>\n<p class=\"p1 c3\"><span class=\"c2\">Solskjaer a partag\u00e9 le sentiment de son ancien co\u00e9quipier, admettant que ce sera un grand \u00e9t\u00e9 pour le club.<\/span><\/p>\n<p class=\"p1 c3\"><span class=\"c2\">\u00abGary a raison sur beaucoup de choses qu\u2019il dit et bien s\u00fbr nous ne pouvons pas penser que nous y sommes. Si vous regardez le classement, nous sommes loin d\u2019\u00eatre l\u00e0 o\u00f9 nous devrions \u00eatre. Il faut am\u00e9liorer la coh\u00e9rence et nous devons encore am\u00e9liorer de nombreux aspects du jeu\u00bb, a-t-il d\u00e9clar\u00e9.<\/span><\/p>\n<p class=\"p1 c3\"><span class=\"c2\">\u00abNous pouvons constater des am\u00e9liorations mais, oui, nous devons prendre une ou deux &#8211; ou plus &#8211; tr\u00e8s bonnes d\u00e9cisions. Ce sera un \u00e9t\u00e9 important, c\u2019est certain.\u00bb<\/span><\/p>\n<p class=\"p1 c3\"><span class=\"c2\">Solskjaer pense que ce sera une \u00e9trange fen\u00eatre de transfert o\u00f9 il ne s\u2019attendait pas \u00e0 beaucoup de gros coups.\u00a0\u00abVous avez un certain ADN et une certaine identit\u00e9 quand vous jouez ou travaillez\u00a0pour Man United, peu importe que vous soyez \u00e0 la cantine ou \u00e0 la blanchisserie ou dans l\u203aadministration ou sur le terrain, vous devez \u00eatre un certain type de personnage pour moi\u00bb, a-t-il encore estim\u00e9.<\/span><\/p>\n<p class=\"p1 c3\"><span class=\"c2\">\u00abLes joueurs qui veulent signer s\u2019ils ne se sentent pas bien en tant que personne, vous fermez la porte, les joueurs qui sont \u00e0 l\u2019int\u00e9rieur qui ne se sentent pas bien et qui ne veulent pas contribuer \u00e0 l\u2019\u00e9thique de l\u2019\u00e9quipe et avoir \u00e0 c\u0153ur l\u2019am\u00e9lioration de l\u2019\u00e9quipe, alors vous ouvrez la porte et vous les laissez partir.<\/span><\/p>\n<p class=\"p1 c3\"><span class=\"c2\">\u00abC\u2019est un processus constant. Quoi que vous fassiez chaque jour, c\u2019est ce qui d\u00e9cidera si vous ferez partie de Man United ou non. J\u2019esp\u00e8re et je crois que je resterai toujours fid\u00e8le \u00e0 mes principes et \u00e0 mes valeurs en la mati\u00e8re.\u00bb<\/span><\/p>\n<p>Auteur: letemps1<br \/>\n<a href=\"http:\/\/www.letemps.com.tn\/article\/115407\/le-coach-de-manunited-solskjaer-pense-d%C3%A9j%C3%A0-au-mercato\">Cliquez ici pour lire l&rsquo;article depuis sa source.<\/a><\/p>\n","protected":false},"excerpt":{"rendered":"<p>Alors que les Red Devils doivent encore batailler pour se qualifier en Ligue des champions, leur entra\u00eeneur se projette d\u00e9j\u00e0 sur le mercato. Ole Gunnar Solskjaer admet que\u00a0Manchester United\u00a0doit prendre \u00abune ou deux\u00bb tr\u00e8s bonnes d\u00e9cisions lors du mercato s\u2019il veut rivaliser avec\u00a0Liverpool\u00a0etManchester City\u00a0pour le titre la saison prochaine &#8211; mais il ne veut que [&hellip;]<\/p>\n","protected":false},"author":1773,"featured_media":0,"comment_status":"closed","ping_status":"closed","sticky":false,"template":"","format":"standard","meta":{"fifu_image_url":"","fifu_image_alt":"","footnotes":""},"categories":[73,55],"tags":[],"class_list":["post-91278","post","type-post","status-publish","format-standard","hentry","category-actualite","category-tunisie"],"_links":{"self":[{"href":"https:\/\/linitiative.ca\/International\/wp-json\/wp\/v2\/posts\/91278","targetHints":{"allow":["GET"]}}],"collection":[{"href":"https:\/\/linitiative.ca\/International\/wp-json\/wp\/v2\/posts"}],"about":[{"href":"https:\/\/linitiative.ca\/International\/wp-json\/wp\/v2\/types\/post"}],"author":[{"embeddable":true,"href":"https:\/\/linitiative.ca\/International\/wp-json\/wp\/v2\/users\/1773"}],"replies":[{"embeddable":true,"href":"https:\/\/linitiative.ca\/International\/wp-json\/wp\/v2\/comments?post=91278"}],"version-history":[{"count":0,"href":"https:\/\/linitiative.ca\/International\/wp-json\/wp\/v2\/posts\/91278\/revisions"}],"wp:attachment":[{"href":"https:\/\/linitiative.ca\/International\/wp-json\/wp\/v2\/media?parent=91278"}],"wp:term":[{"taxonomy":"category","embeddable":true,"href":"https:\/\/linitiative.ca\/International\/wp-json\/wp\/v2\/categories?post=91278"},{"taxonomy":"post_tag","embeddable":true,"href":"https:\/\/linitiative.ca\/International\/wp-json\/wp\/v2\/tags?post=91278"}],"curies":[{"name":"wp","href":"https:\/\/api.w.org\/{rel}","templated":true}]}}