{"id":91289,"date":"2020-07-05T15:18:18","date_gmt":"2020-07-05T19:18:18","guid":{"rendered":"https:\/\/linitiative.ca\/International\/algerie-libye-le-president-tebboune-recoit-un-appel-telephonique-de-m-fayez-el-serraj\/"},"modified":"2020-07-05T15:18:18","modified_gmt":"2020-07-05T19:18:18","slug":"algerie-libye-le-president-tebboune-recoit-un-appel-telephonique-de-m-fayez-el-serraj","status":"publish","type":"post","link":"https:\/\/linitiative.ca\/International\/algerie-libye-le-president-tebboune-recoit-un-appel-telephonique-de-m-fayez-el-serraj\/","title":{"rendered":"Alg\u00e9rie- Libye :  Le Pr\u00e9sident Tebboune re\u00e7oit un appel t\u00e9l\u00e9phonique de M. Fayez El-Serraj"},"content":{"rendered":"<div>Le Pr&eacute;sident de la R&eacute;publique, Abdelmadjid Tebboune a re&ccedil;u, hier apr&egrave;s-midi, un appel t&eacute;l&eacute;phonique du pr&eacute;sident du Conseil pr&eacute;sidentiel du Gouvernement d&rsquo;entente nationale libyen (GNA), Fayez El-Serraj, qui lui a pr&eacute;sent&eacute; ses v&oelig;ux &agrave; l&rsquo;occasion de la f&ecirc;te de l&rsquo;Ind&eacute;pendance et de la Jeunesse<img loading=\"lazy\" decoding=\"async\" src=\"http:\/\/feeds.feedburner.com\/~r\/ElmoudjahidArticles\/~4\/q7vp5zXllGg\" height=\"1\" width=\"1\" alt=\"\"><\/div>\n<p>Auteur: elmoudjahid<br \/>\n<a href=\"http:\/\/feedproxy.google.com\/~r\/ElmoudjahidArticles\/~3\/q7vp5zXllGg\/155971\">Cliquez ici pour lire l&rsquo;article depuis sa source.<\/a><\/p>\n","protected":false},"excerpt":{"rendered":"<p>Le Pr&eacute;sident de la R&eacute;publique, Abdelmadjid Tebboune a re&ccedil;u, hier apr&egrave;s-midi, un appel t&eacute;l&eacute;phonique du pr&eacute;sident du Conseil pr&eacute;sidentiel du Gouvernement d&rsquo;entente nationale libyen (GNA), Fayez El-Serraj, qui lui a pr&eacute;sent&eacute; ses v&oelig;ux &agrave; l&rsquo;occasion de la f&ecirc;te de l&rsquo;Ind&eacute;pendance et de la Jeunesse Auteur: elmoudjahid Cliquez ici pour lire l&rsquo;article depuis sa source.<\/p>\n","protected":false},"author":1744,"featured_media":0,"comment_status":"closed","ping_status":"closed","sticky":false,"template":"","format":"standard","meta":{"fifu_image_url":"","fifu_image_alt":"","footnotes":""},"categories":[73,53],"tags":[],"class_list":["post-91289","post","type-post","status-publish","format-standard","hentry","category-actualite","category-algerie"],"_links":{"self":[{"href":"https:\/\/linitiative.ca\/International\/wp-json\/wp\/v2\/posts\/91289","targetHints":{"allow":["GET"]}}],"collection":[{"href":"https:\/\/linitiative.ca\/International\/wp-json\/wp\/v2\/posts"}],"about":[{"href":"https:\/\/linitiative.ca\/International\/wp-json\/wp\/v2\/types\/post"}],"author":[{"embeddable":true,"href":"https:\/\/linitiative.ca\/International\/wp-json\/wp\/v2\/users\/1744"}],"replies":[{"embeddable":true,"href":"https:\/\/linitiative.ca\/International\/wp-json\/wp\/v2\/comments?post=91289"}],"version-history":[{"count":0,"href":"https:\/\/linitiative.ca\/International\/wp-json\/wp\/v2\/posts\/91289\/revisions"}],"wp:attachment":[{"href":"https:\/\/linitiative.ca\/International\/wp-json\/wp\/v2\/media?parent=91289"}],"wp:term":[{"taxonomy":"category","embeddable":true,"href":"https:\/\/linitiative.ca\/International\/wp-json\/wp\/v2\/categories?post=91289"},{"taxonomy":"post_tag","embeddable":true,"href":"https:\/\/linitiative.ca\/International\/wp-json\/wp\/v2\/tags?post=91289"}],"curies":[{"name":"wp","href":"https:\/\/api.w.org\/{rel}","templated":true}]}}