{"id":91293,"date":"2020-07-05T12:58:31","date_gmt":"2020-07-05T16:58:31","guid":{"rendered":"https:\/\/linitiative.ca\/International\/107006-jm-oran-2022-le-cojm-table-sur-la-signature-d-une-dizaine-de-conventions-de-sponsoring\/"},"modified":"2020-07-05T12:58:31","modified_gmt":"2020-07-05T16:58:31","slug":"107006-jm-oran-2022-le-cojm-table-sur-la-signature-d-une-dizaine-de-conventions-de-sponsoring","status":"publish","type":"post","link":"https:\/\/linitiative.ca\/International\/107006-jm-oran-2022-le-cojm-table-sur-la-signature-d-une-dizaine-de-conventions-de-sponsoring\/","title":{"rendered":"JM Oran-2022: le COJM table sur la signature d\u2019une dizaine de conventions de sponsoring"},"content":{"rendered":"<div readability=\"38\">\n<p><strong>ORAN &#8211; Le Comit\u00e9 d\u2019organisation des Jeux m\u00e9diterran\u00e9ens (COJM), pr\u00e9vus \u00e0 Oran en 2022, table sur la signature d\u2019une dizaine de conventions de sponsoring, la premi\u00e8re c\u00e9r\u00e9monie devant avoir lieu dans les tout prochains jours, a-t-on appris de cet organisme.<\/strong><\/p>\n<\/div>\n<div readability=\"77.303044496487\">\n<p>Faisant de la r\u00e9ussite de ce rendez-vous sportif un objectif supr\u00eame, le COJM vient de trouver un accord avec \u00ab\u00a0Alg\u00e9rie Telecom\u00a0\u00bb, a annonc\u00e9 \u00e0 l\u2019APS son directeur g\u00e9n\u00e9ral, Salim Iles.<\/p>\n<p>\u00ab\u00a0Un premier contrat de sponsoring qui en appelle d\u2019autres\u00a0\u00bb, a promis le m\u00eame responsable, estimant que le report, d&rsquo;une ann\u00e9e pour cause de Covid-19, de la 19e \u00e9dition des JM, donnera au COJM plus de chances de relever le d\u00e9fi dans ce registre.<\/p>\n<p>Le m\u00eame responsable a reconnu dans ce contexte que son instance a rencontr\u00e9 beaucoup de difficult\u00e9s pour conclure des contrats de sponsoring l\u2019ann\u00e9e pass\u00e9e \u00ab\u00a0en raison de la situation politique et \u00e9conomique difficile qui pr\u00e9valait dans le pays\u00a0\u00bb.<\/p>\n<hr\/>\n<h3>Lire aussi:\u00a0<a href=\"http:\/\/www.aps.dz\/sport\/106878-jm-oran-2022-aucune-restriction-sur-le-budget-du-cojm\" target=\"_blank\" rel=\"noopener noreferrer\">JM Oran-2022 : \u00ab\u00a0Aucune restriction sur le budget du COJM\u00a0\u00bb\u00a0<\/a><\/h3>\n<hr\/>\n<blockquote readability=\"10\">\n<p><em><strong>\u00ab\u00a0Compte tenu de cette situation, plusieurs entreprises ont \u00e9t\u00e9 contraintes de limiter sensiblement leur budget d\u00e9di\u00e9 au chapitre de sponsoring et marketing, ce qui nous a jou\u00e9 un mauvais tour au niveau du COJM\u00a0\u00bb, a encore expliqu\u00e9 l\u2019ancien champion alg\u00e9rien de natation.<\/strong><\/em><\/p>\n<\/blockquote>\n<p>Le m\u00eame responsable se montre, toutefois, \u00ab\u00a0optimiste\u00a0\u00bb quant \u00e0 une meilleure prise en charge de ce dossier, r\u00e9v\u00e9lant au passage l\u2019existence de \u00ab\u00a0contacts avanc\u00e9s avec des partenaires \u00e9conomiques publics et priv\u00e9s de renom pour \u00e9ventuellement signer des conventions de sponsoring dans les prochaines semaines\u00a0\u00bb.<\/p>\n<p>Dans le m\u00eame registre, le directeur g\u00e9n\u00e9ral du COJM a fait savoir qu\u2019une deuxi\u00e8me campagne de promotion de l\u2019\u00e9v\u00e8nement m\u00e9diterran\u00e9en sera bient\u00f4t lanc\u00e9e, apr\u00e8s avoir accompli les d\u00e9marches administratives d\u2019usage pour apporter les r\u00e9ajustements n\u00e9cessaires \u00e0 l\u2019identit\u00e9 visuelle des JM, notamment son logo, suite au changement de la date de ce rendez-vous.<\/p>\n<p>A ce propos toujours, le m\u00eame interlocuteur a assur\u00e9 que son instance n\u2019a pas enregistr\u00e9 \u00ab\u00a0des pertes \u00e9normes\u00a0\u00bb sur le plan financier apr\u00e8s le d\u00e9calage des JM, puisque la somme d\u00e9bours\u00e9e pour l\u2019impression des affiches et autres annonces relatives \u00e0 la promotion de la 19e \u00e9dition et portant l&rsquo;ancienne date, n\u2019ont pas d\u00e9pass\u00e9 les 2,9 millions de dinars, a-t-il soulign\u00e9.<\/p>\n<\/div>\n<p>Auteur:<br \/>\n<a href=\"http:\/\/www.aps.dz\/sport\/107006-jm-oran-2022-le-cojm-table-sur-la-signature-d-une-dizaine-de-conventions-de-sponsoring?utm_source=feedburner&#038;utm_medium=feed&#038;utm_campaign=Feed%3A+aps-sport+%28APS+-+SPORT%29\">Cliquez ici pour lire l&rsquo;article depuis sa source.<\/a><\/p>\n","protected":false},"excerpt":{"rendered":"<p>ORAN &#8211; Le Comit\u00e9 d\u2019organisation des Jeux m\u00e9diterran\u00e9ens (COJM), pr\u00e9vus \u00e0 Oran en 2022, table sur la signature d\u2019une dizaine de conventions de sponsoring, la premi\u00e8re c\u00e9r\u00e9monie devant avoir lieu dans les tout prochains jours, a-t-on appris de cet organisme. Faisant de la r\u00e9ussite de ce rendez-vous sportif un objectif supr\u00eame, le COJM vient de [&hellip;]<\/p>\n","protected":false},"author":1790,"featured_media":0,"comment_status":"closed","ping_status":"closed","sticky":false,"template":"","format":"standard","meta":{"fifu_image_url":"","fifu_image_alt":"","footnotes":""},"categories":[53,75],"tags":[],"class_list":["post-91293","post","type-post","status-publish","format-standard","hentry","category-algerie","category-sport"],"_links":{"self":[{"href":"https:\/\/linitiative.ca\/International\/wp-json\/wp\/v2\/posts\/91293","targetHints":{"allow":["GET"]}}],"collection":[{"href":"https:\/\/linitiative.ca\/International\/wp-json\/wp\/v2\/posts"}],"about":[{"href":"https:\/\/linitiative.ca\/International\/wp-json\/wp\/v2\/types\/post"}],"author":[{"embeddable":true,"href":"https:\/\/linitiative.ca\/International\/wp-json\/wp\/v2\/users\/1790"}],"replies":[{"embeddable":true,"href":"https:\/\/linitiative.ca\/International\/wp-json\/wp\/v2\/comments?post=91293"}],"version-history":[{"count":0,"href":"https:\/\/linitiative.ca\/International\/wp-json\/wp\/v2\/posts\/91293\/revisions"}],"wp:attachment":[{"href":"https:\/\/linitiative.ca\/International\/wp-json\/wp\/v2\/media?parent=91293"}],"wp:term":[{"taxonomy":"category","embeddable":true,"href":"https:\/\/linitiative.ca\/International\/wp-json\/wp\/v2\/categories?post=91293"},{"taxonomy":"post_tag","embeddable":true,"href":"https:\/\/linitiative.ca\/International\/wp-json\/wp\/v2\/tags?post=91293"}],"curies":[{"name":"wp","href":"https:\/\/api.w.org\/{rel}","templated":true}]}}