{"id":91295,"date":"2020-07-05T11:46:00","date_gmt":"2020-07-05T15:46:00","guid":{"rendered":"https:\/\/linitiative.ca\/International\/tighennif-mascara-deux-arrestations-et-saisie-de-kif-et-psychotropes\/"},"modified":"2020-07-05T11:46:00","modified_gmt":"2020-07-05T15:46:00","slug":"tighennif-mascara-deux-arrestations-et-saisie-de-kif-et-psychotropes","status":"publish","type":"post","link":"https:\/\/linitiative.ca\/International\/tighennif-mascara-deux-arrestations-et-saisie-de-kif-et-psychotropes\/","title":{"rendered":"TIGHENNIF (MASCARA) : Deux arrestations et saisie de kif et psychotropes"},"content":{"rendered":"<p><br id=\"sep_para_1\" class=\"sep_para access\"\/><\/p>\n<div id=\"para_1\" class=\"para_37744322 resize\">\n<div class=\"texte access firstletter\">Dans le cadre de la lutte contre le trafic illicite de stup\u00e9fiants et substances psychotropes, les \u00e9l\u00e9ments de la Brigade de la PJ de la Suret\u00e9 de da\u00efra de Tighennif ont neutralis\u00e9 02 trafiquants avec la saisie de 490 comprim\u00e9s hallucinog\u00e8nes et de 43,4 grammes de kif trait\u00e9 ainsi qu\u2019 une somme d\u2019argent relevant du trafic illicite, et ce, lors de deux descentes. En effet, la premi\u00e8re op\u00e9ration a permis d\u2019arr\u00eater un trafiquant \u00e2g\u00e9 de 25 ans, suite \u00e0 l\u2019exploitation de renseignements au sujet de son activit\u00e9 illicite au niveau de son domicile familial situ\u00e9 \u00e0 la cit\u00e9 El Gueitna. Les mesures l\u00e9gales ont \u00e9t\u00e9 prises pour la perquisition du domicile en question, ce qui a permis de saisir dans le garage, une quantit\u00e9 de 490 comprim\u00e9s hallucinog\u00e8nes de type \u2018\u2019Pregabaline\u2019\u2019, une somme d\u2019argent et deux armes blanches prohib\u00e9es. De plus, les \u00e9l\u00e9ments de la brigade ont arr\u00eat\u00e9 lors d\u2019une seconde descente un second trafiquant \u00e2g\u00e9 de 39 ans, apr\u00e8s avoir \u00e9t\u00e9 plac\u00e9 sous surveillance. Le suspect se trouvait en flagrant d\u00e9lit de d\u00e9tention d\u2019une quantit\u00e9 de 6,2 grammes de kif trait\u00e9 en forme de morceaux pr\u00e9par\u00e9s \u00e0 la vente, et d\u2019une somme d\u2019argent. Le domicile du suspect a ensuite \u00e9t\u00e9 perquisitionn\u00e9, ce qui a permis de mettre la main sur une autre quantit\u00e9 de 37,2 grammes de kif trait\u00e9 et d\u2019une somme d\u2019argent, soit un total de 43,4 grammes saisis. Les proc\u00e9dures l\u00e9gales n\u00e9cessaires ont \u00e9t\u00e9 prises \u00e0 l\u2019encontre des deux suspects qui ont \u00e9t\u00e9 pr\u00e9sent\u00e9s devant la justice.\u00a0\u00a0\u00a0\u00a0<\/div>\n<\/div>\n<p>Auteur: B Boufaden<br \/>\n<a href=\"https:\/\/www.reflexiondz.net\/TIGHENNIF-MASCARA-Deux-arrestations-et-saisie-de-kif-et-psychotropes_a63788.html\">Cliquez ici pour lire l&rsquo;article depuis sa source.<\/a><\/p>\n","protected":false},"excerpt":{"rendered":"<p>Dans le cadre de la lutte contre le trafic illicite de stup\u00e9fiants et substances psychotropes, les \u00e9l\u00e9ments de la Brigade de la PJ de la Suret\u00e9 de da\u00efra de Tighennif ont neutralis\u00e9 02 trafiquants avec la saisie de 490 comprim\u00e9s hallucinog\u00e8nes et de 43,4 grammes de kif trait\u00e9 ainsi qu\u2019 une somme d\u2019argent relevant du [&hellip;]<\/p>\n","protected":false},"author":1740,"featured_media":0,"comment_status":"closed","ping_status":"closed","sticky":false,"template":"","format":"standard","meta":{"fifu_image_url":"","fifu_image_alt":"","footnotes":""},"categories":[53,76],"tags":[],"class_list":["post-91295","post","type-post","status-publish","format-standard","hentry","category-algerie","category-regions"],"_links":{"self":[{"href":"https:\/\/linitiative.ca\/International\/wp-json\/wp\/v2\/posts\/91295","targetHints":{"allow":["GET"]}}],"collection":[{"href":"https:\/\/linitiative.ca\/International\/wp-json\/wp\/v2\/posts"}],"about":[{"href":"https:\/\/linitiative.ca\/International\/wp-json\/wp\/v2\/types\/post"}],"author":[{"embeddable":true,"href":"https:\/\/linitiative.ca\/International\/wp-json\/wp\/v2\/users\/1740"}],"replies":[{"embeddable":true,"href":"https:\/\/linitiative.ca\/International\/wp-json\/wp\/v2\/comments?post=91295"}],"version-history":[{"count":0,"href":"https:\/\/linitiative.ca\/International\/wp-json\/wp\/v2\/posts\/91295\/revisions"}],"wp:attachment":[{"href":"https:\/\/linitiative.ca\/International\/wp-json\/wp\/v2\/media?parent=91295"}],"wp:term":[{"taxonomy":"category","embeddable":true,"href":"https:\/\/linitiative.ca\/International\/wp-json\/wp\/v2\/categories?post=91295"},{"taxonomy":"post_tag","embeddable":true,"href":"https:\/\/linitiative.ca\/International\/wp-json\/wp\/v2\/tags?post=91295"}],"curies":[{"name":"wp","href":"https:\/\/api.w.org\/{rel}","templated":true}]}}