{"id":91297,"date":"2020-07-05T11:46:00","date_gmt":"2020-07-05T15:46:00","guid":{"rendered":"https:\/\/linitiative.ca\/International\/blida-deux-medecins-emportes-par-le-coronavirus\/"},"modified":"2020-07-05T11:46:00","modified_gmt":"2020-07-05T15:46:00","slug":"blida-deux-medecins-emportes-par-le-coronavirus","status":"publish","type":"post","link":"https:\/\/linitiative.ca\/International\/blida-deux-medecins-emportes-par-le-coronavirus\/","title":{"rendered":"BLIDA   : Deux m\u00e9decins emport\u00e9s par le Coronavirus"},"content":{"rendered":"<p><br id=\"sep_para_1\" class=\"sep_para access\"\/><\/p>\n<div id=\"para_1\" class=\"para_37744376 resize\">\n<div class=\"texte access firstletter\">Apr\u00e8s la perte tragique du\u00a0\u00a0 Professeur Si Ahmed, sp\u00e9cialiste en chirurgie au CHU Frantz Fanon et trois m\u00e9decins g\u00e9n\u00e9ralistes qui sont Docteur Aliche, Docteur Kebaili et Docteur Djama Kebir, ainsi que le pneumologue Docteur Boukhari, le corps m\u00e9dical de la wilaya de Blida est encore frapp\u00e9 par deux nouvelles pertes tragiques, rapporte une source m\u00e9diatique. En effet, selon la m\u00eame source,\u00a0 il s\u2019agit du Docteur Yacine Bendekkiche, pneumologue install\u00e9 \u00e0 Larbaa \u00e0 l\u2019est de la wilaya, mort suite \u00e0 sa contamination par le Coronavirus. Suivi, deux jours apr\u00e8s, du Docteur Meftouh Abdelhalim, m\u00e9decin coordinateur de la polyclinique de Chebli, qui a malheureusement connu la m\u00eame fin. Depuis la lev\u00e9e partielle du confinement, les citoyens respectent de moins en moins les mesures pr\u00e9ventives notamment le respect de l\u2019\u00e9loignement social et le port du masque. De plus, depuis quelques semaines, les march\u00e9s ont repris leurs activit\u00e9s.\u00a0\u00a0\u00a0\u00a0\u00a0\u00a0\u00a0\u00a0\u00a0\u00a0\u00a0\u00a0\u00a0\u00a0\u00a0\u00a0<\/div>\n<\/div>\n<p>Auteur: Nadine<br \/>\n<a href=\"https:\/\/www.reflexiondz.net\/BLIDA-Deux-medecins-emportes-par-le-Coronavirus_a63800.html\">Cliquez ici pour lire l&rsquo;article depuis sa source.<\/a><\/p>\n","protected":false},"excerpt":{"rendered":"<p>Apr\u00e8s la perte tragique du\u00a0\u00a0 Professeur Si Ahmed, sp\u00e9cialiste en chirurgie au CHU Frantz Fanon et trois m\u00e9decins g\u00e9n\u00e9ralistes qui sont Docteur Aliche, Docteur Kebaili et Docteur Djama Kebir, ainsi que le pneumologue Docteur Boukhari, le corps m\u00e9dical de la wilaya de Blida est encore frapp\u00e9 par deux nouvelles pertes tragiques, rapporte une source m\u00e9diatique. [&hellip;]<\/p>\n","protected":false},"author":1740,"featured_media":0,"comment_status":"closed","ping_status":"closed","sticky":false,"template":"","format":"standard","meta":{"fifu_image_url":"","fifu_image_alt":"","footnotes":""},"categories":[53,76],"tags":[],"class_list":["post-91297","post","type-post","status-publish","format-standard","hentry","category-algerie","category-regions"],"_links":{"self":[{"href":"https:\/\/linitiative.ca\/International\/wp-json\/wp\/v2\/posts\/91297","targetHints":{"allow":["GET"]}}],"collection":[{"href":"https:\/\/linitiative.ca\/International\/wp-json\/wp\/v2\/posts"}],"about":[{"href":"https:\/\/linitiative.ca\/International\/wp-json\/wp\/v2\/types\/post"}],"author":[{"embeddable":true,"href":"https:\/\/linitiative.ca\/International\/wp-json\/wp\/v2\/users\/1740"}],"replies":[{"embeddable":true,"href":"https:\/\/linitiative.ca\/International\/wp-json\/wp\/v2\/comments?post=91297"}],"version-history":[{"count":0,"href":"https:\/\/linitiative.ca\/International\/wp-json\/wp\/v2\/posts\/91297\/revisions"}],"wp:attachment":[{"href":"https:\/\/linitiative.ca\/International\/wp-json\/wp\/v2\/media?parent=91297"}],"wp:term":[{"taxonomy":"category","embeddable":true,"href":"https:\/\/linitiative.ca\/International\/wp-json\/wp\/v2\/categories?post=91297"},{"taxonomy":"post_tag","embeddable":true,"href":"https:\/\/linitiative.ca\/International\/wp-json\/wp\/v2\/tags?post=91297"}],"curies":[{"name":"wp","href":"https:\/\/api.w.org\/{rel}","templated":true}]}}