{"id":91298,"date":"2020-07-05T11:46:00","date_gmt":"2020-07-05T15:46:00","guid":{"rendered":"https:\/\/linitiative.ca\/International\/covid-19-a-mascara-non-respect-des-mesures-sanitaires-a-tighennif\/"},"modified":"2020-07-05T11:46:00","modified_gmt":"2020-07-05T15:46:00","slug":"covid-19-a-mascara-non-respect-des-mesures-sanitaires-a-tighennif","status":"publish","type":"post","link":"https:\/\/linitiative.ca\/International\/covid-19-a-mascara-non-respect-des-mesures-sanitaires-a-tighennif\/","title":{"rendered":"COVID-19 A MASCARA : Non-respect des mesures sanitaires \u00e0 Tighennif"},"content":{"rendered":"<p><br id=\"sep_para_1\" class=\"sep_para access\"\/><\/p>\n<div id=\"para_1\" class=\"para_37744324 resize\">\n<div class=\"texte access firstletter\">Les mesures de pr\u00e9vention et de suivi de la pand\u00e9mie du Covid-19, d\u00e9cid\u00e9es par la Commission de wilaya de Mascara dans le but de freiner la propagation, n\u2019ont malheureusement pas l\u2019adh\u00e9sion de la population\u00a0 En effet,\u00a0 la pand\u00e9mie s\u2019av\u00e8re grave et continue de s\u2019accroitre, si on croit\u00a0 au bilan \u00e9manant des h\u00f4pitaux de la wilaya et qui n\u2019est ni confirm\u00e9 ni infirm\u00e9 par la DSP. Depuis le d\u00e9but de la pand\u00e9mie, les h\u00f4pitaux enregistrent quelque 296 cas et \u00e9galement des d\u00e9c\u00e8s. L\u2019h\u00f4pital Yassad Khaled se trouve satur\u00e9 et manque de moyens, les services sanitaires\u00a0 ont attir\u00e9 l\u2019attention des autorit\u00e9s de la wilaya qu\u2019un mat\u00e9riel compos\u00e9 de plus de 40 appareils respiratoires se trouve en stock au niveau de la DAS\u00a0 alors que l\u2019h\u00f4pital est tomb\u00e9,\u00a0 il y a si peu de temps en panne en mati\u00e8re d\u2019oxyg\u00e8ne. Le probl\u00e8me se pose au niveau de la Ville de Tighennif, malgr\u00e9 que plusieurs d\u00e9c\u00e8s furent enregistr\u00e9s ces derniers jours tous par le COVID-19 et les cas hospitalis\u00e9s, la population continue \u00e0 se conduire inciviquement et on trouve des dizaines de personnes assises sur le sol\u00a0 buvant des caf\u00e9s et discutant sans pr\u00eater attention au danger qui les guette. Si le soir \u00e0 partir de 16 heures, des policiers sont plac\u00e9s \u00e0 tous les endroits jug\u00e9s importants pour disperser les gens, durant la journ\u00e9e, des gens s\u2019installent confortablement sur le quai du dock silo,\u00a0 le long du boulevard\u00a0 des martyrs, sur la place de l\u2019ex-si\u00e8ge de l\u2019APC, sur la placette de Sidi Athamne ainsi que des clandestins \u00e0 la sortie de la ville menant vers Hachem et\u00a0 Sidi Kada pour ne citer que ces endroits. Si les choses continuent dans ce rythme, la ville va se transformer en fief de la pand\u00e9mie. Les Responsables de la ville doivent engager\u00a0 des mesures de r\u00e9pression contre ceux\u00a0 qui font semblant de ne pas croire \u00e0\u00a0 l\u2019existence de la maladie, or qu\u2019ils sont en train de propager le virus sans qu\u2019ils le sachent. La contamination se fait par un simple \u00e9ternuement dans le march\u00e9, dans une superette, c\u2019est pourquoi, les restaurants et les caf\u00e9s sont ferm\u00e9s et m\u00eame le transport public a des places tr\u00e8s limit\u00e9es. Pendant qu\u2019une grande partie du Monde sort progressivement du confinement apr\u00e8s que des populations ont suivi \u00e0 la lettre les consignes, nous voil\u00e0 faire des pas en arri\u00e8re, pour le prolongement du confinement, la fermeture des souks, des superettes, des commerces qui n\u2019appliquent pas les r\u00e8gles d\u2019hygi\u00e8ne, ce qui\u00a0 touche directement notre \u00e9conomie et nos activit\u00e9s. Par crainte de voir une deuxi\u00e8me vague d\u2019infection touch\u00e9 notre r\u00e9gion, le march\u00e9 hebdomadaire a \u00e9t\u00e9 ferm\u00e9 ce jeudi \u00e0\u00a0 Maoussa par arr\u00eat\u00e9 du wali. Toujours dans le m\u00eame chapitre, des marchands de bestiaux ont proc\u00e9d\u00e9\u00a0 \u00e0 la vente du b\u00e9tail sur la RN 14\u00a0 pendant que d\u2019autres se sont install\u00e9s tout le long du CV reliant Maoussa \u00e0 Matemore. Une situation pouvant causer un risque sur cette voie et faire propager le virus, parce que des gens pr\u00e9sents venus de tous les coins se trouvent sur les lieux. Le probl\u00e8me c\u2019est que ces gens n\u2019ont pas \u00e9t\u00e9 inqui\u00e9t\u00e9s durant tout le temps qu\u2019ils ont pass\u00e9 sur ces places.\u00a0\u00a0\u00a0\u00a0\u00a0\u00a0\u00a0\u00a0\u00a0\u00a0\u00a0\u00a0\u00a0\u00a0\u00a0\u00a0\u00a0\u00a0<\/div>\n<\/div>\n<p>Auteur: B. Boufaden<br \/>\n<a href=\"https:\/\/www.reflexiondz.net\/COVID-19-A-MASCARA-Non-respect-des-mesures-sanitaires-a-Tighennif_a63789.html\">Cliquez ici pour lire l&rsquo;article depuis sa source.<\/a><\/p>\n","protected":false},"excerpt":{"rendered":"<p>Les mesures de pr\u00e9vention et de suivi de la pand\u00e9mie du Covid-19, d\u00e9cid\u00e9es par la Commission de wilaya de Mascara dans le but de freiner la propagation, n\u2019ont malheureusement pas l\u2019adh\u00e9sion de la population\u00a0 En effet,\u00a0 la pand\u00e9mie s\u2019av\u00e8re grave et continue de s\u2019accroitre, si on croit\u00a0 au bilan \u00e9manant des h\u00f4pitaux de la wilaya [&hellip;]<\/p>\n","protected":false},"author":1740,"featured_media":0,"comment_status":"closed","ping_status":"closed","sticky":false,"template":"","format":"standard","meta":{"fifu_image_url":"","fifu_image_alt":"","footnotes":""},"categories":[53,76],"tags":[],"class_list":["post-91298","post","type-post","status-publish","format-standard","hentry","category-algerie","category-regions"],"_links":{"self":[{"href":"https:\/\/linitiative.ca\/International\/wp-json\/wp\/v2\/posts\/91298","targetHints":{"allow":["GET"]}}],"collection":[{"href":"https:\/\/linitiative.ca\/International\/wp-json\/wp\/v2\/posts"}],"about":[{"href":"https:\/\/linitiative.ca\/International\/wp-json\/wp\/v2\/types\/post"}],"author":[{"embeddable":true,"href":"https:\/\/linitiative.ca\/International\/wp-json\/wp\/v2\/users\/1740"}],"replies":[{"embeddable":true,"href":"https:\/\/linitiative.ca\/International\/wp-json\/wp\/v2\/comments?post=91298"}],"version-history":[{"count":0,"href":"https:\/\/linitiative.ca\/International\/wp-json\/wp\/v2\/posts\/91298\/revisions"}],"wp:attachment":[{"href":"https:\/\/linitiative.ca\/International\/wp-json\/wp\/v2\/media?parent=91298"}],"wp:term":[{"taxonomy":"category","embeddable":true,"href":"https:\/\/linitiative.ca\/International\/wp-json\/wp\/v2\/categories?post=91298"},{"taxonomy":"post_tag","embeddable":true,"href":"https:\/\/linitiative.ca\/International\/wp-json\/wp\/v2\/tags?post=91298"}],"curies":[{"name":"wp","href":"https:\/\/api.w.org\/{rel}","templated":true}]}}