{"id":91300,"date":"2020-07-05T10:57:00","date_gmt":"2020-07-05T14:57:00","guid":{"rendered":"https:\/\/linitiative.ca\/International\/faouzi-ben-abderrahman-le-devoir-dexemplarite\/"},"modified":"2020-07-05T10:57:00","modified_gmt":"2020-07-05T14:57:00","slug":"faouzi-ben-abderrahman-le-devoir-dexemplarite","status":"publish","type":"post","link":"https:\/\/linitiative.ca\/International\/faouzi-ben-abderrahman-le-devoir-dexemplarite\/","title":{"rendered":"Faouzi Ben Abderrahman: Le devoir d&rsquo;exemplarit\u00e9"},"content":{"rendered":"<p><span class=\"c2\"><em><strong>Par Faouzi Ben Abderrahman &#8211;<\/strong><\/em><\/span> Dans le proc\u00e8s de\u00a0 Fran\u00e7ois Fillion ancien Premier ministre fran\u00e7ais pour emplois fictifs et d\u00e9tournement de fonds, le jugement rendu le\u00a0 condamne \u00e0 cinq ans de prison dont deux fermes et dix ans d&rsquo;in\u00e9ligibilit\u00e9.<\/p>\n<p><span class=\"c4\"><span class=\"c3\"><strong>Commentaire du journal \u00ab\u00a0le point\u00a0\u00bb<\/strong><\/span><\/span><br \/><strong>La sanction est \u00ab lourde \u00bb, la magistrate le dit et l&rsquo;assume. Elle n&rsquo;a trouv\u00e9 \u00ab aucune justification \u00bb au comportement de l&rsquo;ex-Premier ministre. Il a \u00ab manqu\u00e9 \u00e0 son devoir de probit\u00e9 \u00bb et \u00e0 son \u00ab devoir d&rsquo;exemplarit\u00e9 \u00bb. En faisant \u00ab pr\u00e9valoir son int\u00e9r\u00eat personnel sur l&rsquo;int\u00e9r\u00eat commun \u00bb dans un but d&rsquo;\u00ab enrichissement personnel \u00bb, le pr\u00e9venu \u00ab a contribu\u00e9 \u00e0 \u00e9roder la confiance \u00bb des citoyens. Il a \u00ab abim\u00e9 la vie de la d\u00e9mocratie \u00bb.<\/strong> <em>Fin de citation<\/em>.<\/p>\n<p>Ce jugement rendu par la juge m&rsquo;a interpell\u00e9 car le devoir d&rsquo;exemplarit\u00e9 n&rsquo;existe dans aucun article de la loi p\u00e9nale. La juge n&rsquo;a pas seulement \u00e9mis un jugement \u00e0 l&rsquo;encontre de l&rsquo;ancien premier ministre mais elle lui a surtout ass\u00e9n\u00e9 une le\u00e7on de morale. Faillir au devoir d&rsquo;exemplarit\u00e9 est aussi grave qu&rsquo;un acte juridiquement r\u00e9pr\u00e9hensible par la loi, ceci transcende les simples discussions judiciaires ou r\u00e9glementaires et repr\u00e9sente la base du socle de valeurs d&rsquo;un responsable politique. Inutile d&rsquo;\u00e9piloguer sur cette justice hors de notre port\u00e9e d\u00e9j\u00e0 au moment o\u00f9 on peine \u00e0 avoir des juges r\u00e9ellement ind\u00e9pendants.<\/p>\n<p>Pour revenir au cas tunisien de conflit, et au del\u00e0 des investigations en cours sur lesquelles j&rsquo;ai de s\u00e9rieux doutes sur le climat d&rsquo;ind\u00e9pendance hors de toute influence dans lequel elles vont se d\u00e9rouler, vu la communication officielle du gouvernement qui sort un communiqu\u00e9 du conseil des ministres qui d\u00e9nonce les man\u0153uvres de d\u00e9stabilisation du gouvernement par l&rsquo;affaire du conflit d&rsquo; int\u00e9r\u00eat de son pr\u00e9sident (faut-il rappeler ici que c&rsquo;est la personne de Mr Fakhfakh qui est incrimin\u00e9e et non pas le Chef du gouvernement) , ce qui a manqu\u00e9 \u00e0 Mr Fakhfakh c&rsquo;est l&rsquo;humilit\u00e9 de reconna\u00eetre qu&rsquo;il a manqu\u00e9 au devoir d&rsquo;exemplarit\u00e9, de ne pas avoir vu que la question n&rsquo;est ni un probl\u00e8me de proc\u00e9dures ni encore moins d&rsquo;une discussion sur les d\u00e9lais.<\/p>\n<p>Mr Fakhfakh n&rsquo;a pas vu qu&rsquo;il s&rsquo;agissait bien du devoir d&rsquo;exemplarit\u00e9 dans un pays o\u00f9 ce devoir \u00e0 tellement manqu\u00e9 et manque toujours \u00e0 une soci\u00e9t\u00e9 en manque de rep\u00e8res, sa ligne de d\u00e9fense a toujours consist\u00e9 \u00e0 mettre en avant sa probit\u00e9\u00a0 personnelle mais jamais \u00e0 reconna\u00eetre ses torts et \u00e0 s&rsquo;en excuser malgr\u00e9 l&rsquo;avis presque g\u00e9n\u00e9ral de ses d\u00e9tracteurs et de ses alli\u00e9s (dans le secret des confidences).<\/p>\n<p>Depuis 2011 et l&rsquo;av\u00e8nement de la deuxi\u00e8me R\u00e9publique, le devoir d&rsquo;exemplarit\u00e9 n&rsquo;a pas \u00e9t\u00e9 (\u00e0 de rares exceptions pr\u00e8s) l&rsquo;apanage de la nouvelle classe politique du pays.<\/p>\n<p>Ceci est\u00a0 tellement inexcusable de la part d&rsquo;une nouvelle g\u00e9n\u00e9ration qui se voulait en rupture avec des pratiques pass\u00e9es.<br \/>Finalement force \u00e0 nous de constater que cette nouvelle classe politique dans sa grande majorit\u00e9 est loin d&rsquo;\u00eatre meilleure que ses pr\u00e9d\u00e9cesseurs et que son arrogance et son manque d&rsquo;humilit\u00e9 sont incompatibles avec la n\u00e9cessit\u00e9 de reconstruction que n\u00e9cessite le pays.<\/p>\n<p>Cette nouvelle g\u00e9n\u00e9ration politique est venue \u00e0 la politique trop souvent par hasard et\u00a0 s&rsquo;est trouv\u00e9e aux manettes du pays un peu trop rapidement sans en avoir ni l&rsquo;exp\u00e9rience (ce qui en soi est pardonnable) ni la culture ni les comp\u00e9tences ni la connaissance profonde du pays et encore moins h\u00e9las le socle minimum de valeurs requises \u00e0 part quelques exceptions bien entendu.<\/p>\n<p>Notre d\u00e9mocratie est encore trop fragile : l&rsquo;influence de l&rsquo;argent (sale) est encore trop importante, la d\u00e9magogie et le populisme sont les discours, la haine, l&rsquo;esprit revanchard et la division du pays en sont les moteurs. Les cultures d&rsquo;avant l&rsquo;\u00e9tat (tribalisme, r\u00e9gionalisme, corporatisme) reprennent le dessus, Notre syst\u00e8me politique est inadapt\u00e9, il consacre l&rsquo;h\u00e9g\u00e9monie des partis politiques sur les institutions de la R\u00e9publique. Notre justice peine encore \u00e0 \u00eatre ind\u00e9pendante, Notre \u00e9tat peine \u00e0 \u00eatre le garant du pacte social en mal de renouveau.<\/p>\n<p>Nos indicateurs \u00e9conomiques sont tous au rouge. Un pays sans vision et un peuple sans rep\u00e8res et sans choix.<\/p>\n<p>Les d\u00e9fis sont \u00e9normes, d&rsquo;o\u00f9 la n\u00e9cessit\u00e9 d&rsquo;un leadership politique (actuellement absent) et d&rsquo;une stabilit\u00e9 politique minimale. Une stabilit\u00e9 politique \u00e0 quel prix ?<\/p>\n<p>Alors \u00e0 toutes les voix qui r\u00e9clament la\u00a0 stabilit\u00e9 au prix du d\u00e9shonneur, je dis : vous aurez et le d\u00e9shonneur et l&rsquo;instabilit\u00e9.<\/p>\n<p class=\"c5\"><strong>Faouzi Ben Abderrahman<\/strong><\/p>\n<p>Auteur:<br \/>\n<a href=\"https:\/\/www.leaders.com.tn\/article\/30220-faouzi-ben-abderrahman-le-devoir-d-exemplarite\">Cliquez ici pour lire l&rsquo;article depuis sa source.<\/a><\/p>\n","protected":false},"excerpt":{"rendered":"<p>Par Faouzi Ben Abderrahman &#8211; Dans le proc\u00e8s de\u00a0 Fran\u00e7ois Fillion ancien Premier ministre fran\u00e7ais pour emplois fictifs et d\u00e9tournement de fonds, le jugement rendu le\u00a0 condamne \u00e0 cinq ans de prison dont deux fermes et dix ans d&rsquo;in\u00e9ligibilit\u00e9. Commentaire du journal \u00ab\u00a0le point\u00a0\u00bbLa sanction est \u00ab lourde \u00bb, la magistrate le dit et l&rsquo;assume. [&hellip;]<\/p>\n","protected":false},"author":1772,"featured_media":0,"comment_status":"closed","ping_status":"closed","sticky":false,"template":"","format":"standard","meta":{"fifu_image_url":"","fifu_image_alt":"","footnotes":""},"categories":[73,55],"tags":[],"class_list":["post-91300","post","type-post","status-publish","format-standard","hentry","category-actualite","category-tunisie"],"_links":{"self":[{"href":"https:\/\/linitiative.ca\/International\/wp-json\/wp\/v2\/posts\/91300","targetHints":{"allow":["GET"]}}],"collection":[{"href":"https:\/\/linitiative.ca\/International\/wp-json\/wp\/v2\/posts"}],"about":[{"href":"https:\/\/linitiative.ca\/International\/wp-json\/wp\/v2\/types\/post"}],"author":[{"embeddable":true,"href":"https:\/\/linitiative.ca\/International\/wp-json\/wp\/v2\/users\/1772"}],"replies":[{"embeddable":true,"href":"https:\/\/linitiative.ca\/International\/wp-json\/wp\/v2\/comments?post=91300"}],"version-history":[{"count":0,"href":"https:\/\/linitiative.ca\/International\/wp-json\/wp\/v2\/posts\/91300\/revisions"}],"wp:attachment":[{"href":"https:\/\/linitiative.ca\/International\/wp-json\/wp\/v2\/media?parent=91300"}],"wp:term":[{"taxonomy":"category","embeddable":true,"href":"https:\/\/linitiative.ca\/International\/wp-json\/wp\/v2\/categories?post=91300"},{"taxonomy":"post_tag","embeddable":true,"href":"https:\/\/linitiative.ca\/International\/wp-json\/wp\/v2\/tags?post=91300"}],"curies":[{"name":"wp","href":"https:\/\/api.w.org\/{rel}","templated":true}]}}