{"id":91301,"date":"2020-07-05T11:26:00","date_gmt":"2020-07-05T15:26:00","guid":{"rendered":"https:\/\/linitiative.ca\/International\/moncef-rajhi-la-mediterranee-se-rechauffe-plus-vite-que-le-reste-de-la-planete\/"},"modified":"2020-07-05T11:26:00","modified_gmt":"2020-07-05T15:26:00","slug":"moncef-rajhi-la-mediterranee-se-rechauffe-plus-vite-que-le-reste-de-la-planete","status":"publish","type":"post","link":"https:\/\/linitiative.ca\/International\/moncef-rajhi-la-mediterranee-se-rechauffe-plus-vite-que-le-reste-de-la-planete\/","title":{"rendered":"Moncef Rajhi: La M\u00e9diterran\u00e9e se r\u00e9chauffe plus vite que le reste de la plan\u00e8te"},"content":{"rendered":"<p><span class=\"c2\"><em><strong>Par Moncef Rajhi, Ing\u00a0 M\u00e9t\u00e9o\/Climat\/Exper CC &#8211;<\/strong><\/em><\/span> Les\u00a0 r\u00e9sultats pr\u00e9liminaires rendus publics du rapport de l\u2019\u00e9quipe du r\u00e9seau m\u00e9diterran\u00e9en d&rsquo;experts sur les changements climatiques et environnementaux (MedECC), r\u00e9v\u00e8lent\u00a0 que la M\u00e9diterran\u00e9e sera la r\u00e9gion du monde\u00a0 la plus touch\u00e9e par le\u00a0 r\u00e9chauffement climatique. En effet, malgr\u00e9 des divergences dans les sc\u00e9narios propos\u00e9s par les diff\u00e9rents mod\u00e8les num\u00e9riques, ces derniers sont d\u2019accord sur la teneur du r\u00e9chauffement auquel toute la zone serait expos\u00e9e, elle serait durement touch\u00e9e par les changements climatiques plus qu\u2019une autre partie du monde.<\/p>\n<p><span class=\"c4\"><span class=\"c3\"><strong>Allure du r\u00e9chauffement climatique<\/strong><\/span><\/span><\/p>\n<p><span class=\"c2\"><span class=\"c5\"><strong>Le Bassin M\u00e9diterran\u00e9en<\/strong><\/span><\/span><\/p>\n<p class=\"c7\"><span class=\"c6\"><strong>\u2022<\/strong><\/span> Se r\u00e9chauffe de 20% plus que sur le reste du monde\u00a0 o\u00f9 le r\u00e9chauffement est actuellement \u00e9tabli\u00a0 autour de +1,1 \u00b0C, mais\u00a0 des temp\u00e9ratures de 1,5 \u00b0C environ au-dessus des moyennes d&rsquo;avant la R\u00e9volution industrielle (1880-1899) sont signal\u00e9es. Si des actions concr\u00e8tes n\u2019ont pas \u00e9t\u00e9 mises en place les experts du MedECC\u00a0 r\u00e9v\u00e8le que \u00ab sans mesure d&rsquo;att\u00e9nuation suppl\u00e9mentaire, la temp\u00e9rature r\u00e9gionale augmentera de 2,2 \u00b0C &#8211; par rapport \u00e0 la p\u00e9riode pr\u00e9industrielle &#8211; d&rsquo;ici 2040, pouvant d\u00e9passer 3,8 \u00b0C dans certaines r\u00e9gions d&rsquo;ici 2100. \u00bb<\/p>\n<p class=\"c7\"><span class=\"c6\"><strong>\u2022<\/strong><\/span> R\u00e9gion o\u00f9 l\u2019augmentation des temp\u00e9ratures r\u00e9gionales serait de 2.2\u00b0C d\u2019ici l\u2019an 2040 avec les politiques en vigueur, \u00e0 rappeler que l\u2019accord de Paris(Cop21,en 2015) exige une augmentation de 1.5\u00b0C<\/p>\n<p><span class=\"c4\"><span class=\"c3\"><strong>Sant\u00e9 et S\u00e9curit\u00e9<\/strong><\/span><\/span><\/p>\n<p>Parmi les r\u00e9sultats importants \u00e0 savoir par les d\u00e9cideurs publics\u00a0 ce sont les impacts n\u00e9gatifs des p\u00e9riodes estivales notamment, des vagues de chaleur et des canicules plus fr\u00e9quentes et plus intenses compar\u00e9s aux \u00e9v\u00e9nements du pass\u00e9 r\u00e9cent. En Europe 2003 et en Russie en 2010 avec un bilan tr\u00e8s lourd de plus de 70.000 d\u00e9c\u00e8s dont\u00a0 plus de 20.000 dans les villes.<\/p>\n<p class=\"c7\"><span class=\"c6\"><strong>\u2022<\/strong><\/span> Augmentation de la fr\u00e9quence,intensit\u00e9 et dur\u00e9e des p\u00e9riodes de canicule avec des cons\u00e9quences gravess\u00a0 pour la\u00a0 sant\u00e9(des populations vuln\u00e9rables particuli\u00e8rement dans les villes)<\/p>\n<p class=\"c7\"><span class=\"c6\"><strong>\u2022<\/strong><\/span> Augmentation de la fr\u00e9quence des p\u00e9riodes de s\u00e9cheresse (depuis les ann\u00e9es 1950 a jou\u00e9 un r\u00f4le important dans les crises r\u00e9gionales actuelles).<\/p>\n<p class=\"c7\"><span class=\"c6\"><strong>\u2022<\/strong><\/span> Les conflits concernant les ressources naturelles limit\u00e9es peuvent augmenter les mugrations humaines \u00e0 grande \u00e9chelle.<\/p>\n<p><span class=\"c4\"><span class=\"c3\"><strong>Ressources en eau<\/strong><\/span><\/span><\/p>\n<p>La tendance vers la r\u00e9duction des pr\u00e9cipitations sur la zone M\u00e9dit est affich\u00e9e par tous les mod\u00e8les climatiques, avertissement devant r\u00e9sonner aux oreilles des d\u00e9cideurs et\u00a0 \u00e0 prendre en compte le v\u00e9cu \u00e0 travers l\u2019augmentation sensible de la fr\u00e9quence et de l\u2019intensit\u00e9 puisque\u00a0\u00a0 des \u00e9pisodes des s\u00e9cheresses\u00a0 depuis 1950.\u00a0<\/p>\n<p>Cette Constatation est bien d\u00e9crite par les experts MedECC en cette phrase\u00ab Dans le sud et \u00e0 l&rsquo;est de la M\u00e9diterran\u00e9e, les pr\u00e9cipitations pourraient diminuer de 20 % si nous parvenons \u00e0 contenir le r\u00e9chauffement \u00e0 2 \u00b0C et\u00a0 de 40 % si nous ne faisons rien \u00bb. En 20 ans, plus de 250 millions de personnes en stress hydrique seront class\u00e9es comme \u00ab pauvres en eau \u00bb,une baisse de la disponibilit\u00e9 en eau douce pouvant aller jusqu\u2019\u00e0 15%,un des taux les plus grands dans le monde.<\/p>\n<p><span class=\"c4\"><span class=\"c3\"><strong>Niveau de la mer<\/strong><\/span><\/span><\/p>\n<p>Le niveau de mar M\u00e9dit est en continuelle \u00e9l\u00e9vation puisque s\u2019\u00e9levait\u00a0 de 0.7 mm\/an\u00a0 entre 1954 et 2000, de 1.1mm\/an entre 1970 et 2006 et de 3mm \/an les derni\u00e8res d\u00e9cennies. Ainsi:<\/p>\n<p class=\"c7\"><span class=\"c6\"><strong>\u2022<\/strong><\/span> L\u2019\u00e9l\u00e9vation du niveau de la mer pourra d\u00e9passer un m\u00e8tre d\u2019ici 2100 ,impactant 1\/3de la population de la r\u00e9gion.<\/p>\n<p class=\"c7\"><span class=\"c6\"><strong>\u2022<\/strong><\/span> La moiti\u00e9 des 20 villes mondiales qui soufriront le plus de la mont\u00e9e des eaux d\u2019ici jusqu\u2019\u00e0 2050 sont situ\u00e9es en M\u00e9diterran\u00e9e.<\/p>\n<p><span class=\"c4\"><span class=\"c3\"><strong>S\u00e9curit\u00e9 alimentaire<\/strong><\/span><\/span><\/p>\n<p>La demande alimentaire va augmenter alors que ls rendements des cultures du poisson et du\u00a0 b\u00e9tail d\u00e9clinent. 90% des poissons d\u2019int\u00e9r\u00eat commercial sont d\u00e9j\u00e0 surexploit\u00e9s avec leurs poids moyens maximuns succeptibles d\u2019\u00eatre r\u00e9duit de moiti\u00e9 d\u2019ici 2050.<\/p>\n<p><span class=\"c4\"><span class=\"c3\"><strong>Ecosyst\u00e8mes<\/strong><\/span><\/span><\/p>\n<p>En r\u00e9sum\u00e9, c\u2019est un tableau virant progressivement\u00a0 vers une situation difficile \u00e0 support\u00e9e par l\u2019homme de la r\u00e9gion, le tableau clignote au rouge\u00a0 annon\u00e7ant que non uniquement les populations sont au bord d\u2019un grand danger mais aussi les berceaux dans lequel continue la vie que sont les \u00e9cosyst\u00e8mes.A retenir les alertes suivantes :<\/p>\n<p class=\"c7\"><span class=\"c6\"><strong>\u2022<\/strong><\/span> Le Bassin M\u00e9diterran\u00e9en est l\u2019une des zones \u00e0 risque majeur en face des changements climatiques et environnementaux, plus de 700 esp\u00e8ces non-indig\u00e8nes ont \u00e9t\u00e9 enregistr\u00e9es en raison de conditions plus chaudes. L\u2019augmentation de l\u2019acidification de l\u2019eau provoque la mortalit\u00e9 massives des esp\u00e8ces marines.<\/p>\n<p class=\"c7\"><span class=\"c6\"><strong>\u2022<\/strong><\/span> Les m\u00e9ga-incendies ont d\u00e9truit des zones de for\u00eats en raison des changements climatiques.<\/p>\n<p>Avec le r\u00e9chauffement climatique, les rendements des cultures devraient baisser. En \u00c9gypte, par exemple, la production de l\u00e9gumes pourrait accuser une chute de 40 % d\u2019ici 2050.<\/p>\n<p><img decoding=\"async\" src=\"\/uploads\/FCK_files\/0(11).jpg\" width=\"100%\" vspace=\"5\" hspace=\"5\" align=\"middle\" alt=\"\"\/><\/p>\n<p><span class=\"c8\"><em>Image: \u00a9 congerdesign, Pixabay License<\/em><\/span><\/p>\n<p>En r\u00e9sum\u00e9, c\u2019est un tableau virant progressivement\u00a0 vers une situation difficile \u00e0 support\u00e9e par l\u2019homme de la r\u00e9gion, le tableau clignote au rouge\u00a0 annon\u00e7ant que non uniquement les populations sont au bord d\u2019un grand danger mais aussi les berceaux dans lequel continue la vie que sont les \u00e9cosyst\u00e8mes.<\/p>\n<p class=\"c9\"><strong>Moncef Rajhi<\/strong><br \/><em>Ing\u00a0 M\u00e9t\u00e9o\/Climat\/Exper CC<\/em><\/p>\n<p>\u00a0<\/p>\n<p>Auteur:<br \/>\n<a href=\"https:\/\/www.leaders.com.tn\/article\/30221-moncef-rajhi-la-mediterranee-se-rechauffe-plus-vite-que-le-reste-de-la-planete\">Cliquez ici pour lire l&rsquo;article depuis sa source.<\/a><\/p>\n","protected":false},"excerpt":{"rendered":"<p>Par Moncef Rajhi, Ing\u00a0 M\u00e9t\u00e9o\/Climat\/Exper CC &#8211; Les\u00a0 r\u00e9sultats pr\u00e9liminaires rendus publics du rapport de l\u2019\u00e9quipe du r\u00e9seau m\u00e9diterran\u00e9en d&rsquo;experts sur les changements climatiques et environnementaux (MedECC), r\u00e9v\u00e8lent\u00a0 que la M\u00e9diterran\u00e9e sera la r\u00e9gion du monde\u00a0 la plus touch\u00e9e par le\u00a0 r\u00e9chauffement climatique. En effet, malgr\u00e9 des divergences dans les sc\u00e9narios propos\u00e9s par les diff\u00e9rents [&hellip;]<\/p>\n","protected":false},"author":1772,"featured_media":91302,"comment_status":"closed","ping_status":"closed","sticky":false,"template":"","format":"standard","meta":{"fifu_image_url":"","fifu_image_alt":"","footnotes":""},"categories":[73,55],"tags":[],"class_list":["post-91301","post","type-post","status-publish","format-standard","has-post-thumbnail","hentry","category-actualite","category-tunisie"],"_links":{"self":[{"href":"https:\/\/linitiative.ca\/International\/wp-json\/wp\/v2\/posts\/91301","targetHints":{"allow":["GET"]}}],"collection":[{"href":"https:\/\/linitiative.ca\/International\/wp-json\/wp\/v2\/posts"}],"about":[{"href":"https:\/\/linitiative.ca\/International\/wp-json\/wp\/v2\/types\/post"}],"author":[{"embeddable":true,"href":"https:\/\/linitiative.ca\/International\/wp-json\/wp\/v2\/users\/1772"}],"replies":[{"embeddable":true,"href":"https:\/\/linitiative.ca\/International\/wp-json\/wp\/v2\/comments?post=91301"}],"version-history":[{"count":0,"href":"https:\/\/linitiative.ca\/International\/wp-json\/wp\/v2\/posts\/91301\/revisions"}],"wp:featuredmedia":[{"embeddable":true,"href":"https:\/\/linitiative.ca\/International\/wp-json\/"}],"wp:attachment":[{"href":"https:\/\/linitiative.ca\/International\/wp-json\/wp\/v2\/media?parent=91301"}],"wp:term":[{"taxonomy":"category","embeddable":true,"href":"https:\/\/linitiative.ca\/International\/wp-json\/wp\/v2\/categories?post=91301"},{"taxonomy":"post_tag","embeddable":true,"href":"https:\/\/linitiative.ca\/International\/wp-json\/wp\/v2\/tags?post=91301"}],"curies":[{"name":"wp","href":"https:\/\/api.w.org\/{rel}","templated":true}]}}