{"id":91305,"date":"2020-07-05T13:30:31","date_gmt":"2020-07-05T17:30:31","guid":{"rendered":"https:\/\/linitiative.ca\/International\/coronavirus-396-nouvelles-guerisons-dimanche-5-juillet-a-18-heures-14-215-cas-cumules\/"},"modified":"2020-07-05T13:30:31","modified_gmt":"2020-07-05T17:30:31","slug":"coronavirus-396-nouvelles-guerisons-dimanche-5-juillet-a-18-heures-14-215-cas-cumules","status":"publish","type":"post","link":"https:\/\/linitiative.ca\/International\/coronavirus-396-nouvelles-guerisons-dimanche-5-juillet-a-18-heures-14-215-cas-cumules\/","title":{"rendered":"Coronavirus : 396 nouvelles gu\u00e9risons dimanche 5 juillet \u00e0 18 heures, 14.215 cas cumul\u00e9s"},"content":{"rendered":"<p><strong>Le nombre de gu\u00e9risons li\u00e9es au coronavirus ne cesse d\u2019augmenter au Maroc. Ces derni\u00e8res 24 heures, pas moins de 396 personnes ont \u00e9t\u00e9 d\u00e9clar\u00e9es gu\u00e9ries par les autorit\u00e9s comp\u00e9tentes. Par ailleurs, le nombre de nouveaux cas de contamination aussi est en hausse.<\/strong><\/p>\n<div class=\"c10\"\/>\n<p>Le Maroc a enregistr\u00e9 ces derni\u00e8res 24 heures 393 nouveaux cas de <strong>contamination<\/strong>, portant le bilan total des cas cumul\u00e9s \u00e0 14.215. Le nombre des gu\u00e9risons s\u2019\u00e9tablit d\u00e9sormais \u00e0 9725, soit 396 personnes gu\u00e9ries ces derni\u00e8res 24 heures. Concernant le nombre de d\u00e9c\u00e8s, il est pass\u00e9 \u00e0 235, soit trois ces d\u00e9c\u00e8s ces derni\u00e8res 24 heures. Rappelons que la ville de Safi a \u00e9t\u00e9 plac\u00e9e en <strong>quarantaine totale<\/strong> par les autorit\u00e9s, apr\u00e8s l\u2019apparition d\u2019un foyer industriel qui a provoqu\u00e9 une augmentation importante des cas coronavirus dans la r\u00e9gion (+203 ce dimanche).<\/p>\n<p><strong>Lire aussi|<\/strong> <a href=\"https:\/\/www.challenge.ma\/rapatriement-de-152-marocains-bloques-en-egypte-147282\/\"><strong>Rapatriement de 152 Marocains bloqu\u00e9s en Egypte<\/strong><\/a><\/p>\n<p>Les habitants de la ville sont dor\u00e9navant soumis \u00e0 un confinement total et des campagnes de sensibilisation sont \u00e9galement men\u00e9es par des patrouilles des autorit\u00e9s locales. Par ailleurs, le minist\u00e8re de la Sant\u00e9 exhorte vivement les citoyens \u00e0 respecter les r\u00e8gles d\u2019hygi\u00e8ne et de s\u00e9curit\u00e9 sanitaire ainsi que les <strong>mesures pr\u00e9ventives<\/strong> prises\u00a0 par les autorit\u00e9s marocaines en faisant preuve de responsabilit\u00e9 et de patriotisme.<\/p>\n<p><strong>Lire aussi|<\/strong> <a href=\"https:\/\/www.challenge.ma\/radouane-amine-nous-defendons-la-these-mettant-lhumain-au-centre-de-tout-modele-de-developpement-147429\/\"><strong>Radouane Amine : \u00ab Nous d\u00e9fendons la th\u00e8se mettant l\u2019humain au centre de tout mod\u00e8le de d\u00e9veloppement \u00bb<\/strong><\/a><\/p>\n<div class=\"vw-sticky-sidebar-wrapper vw-sticky-sidebar widget_text awac-wrapper widget_text awac widget custom_html-4 textwidget custom-html-widget\">\n<p class=\"has-background c12\"><span class=\"widget-title c11\">Tribune et D\u00e9bats<\/span><\/p>\n<p>La tribune qui vous parle d\u2019une actu, d\u2019un sujet qui fait d\u00e9bat, les traitent et les analysent. \u00c9conomistes et autres experts, patrons d\u2019entreprises, d\u00e9cideurs, acteurs de la soci\u00e9t\u00e9 civile, s\u2019y prononcent et contribuent \u00e0 sa grande richesse. Vous avez votre opinion, convergente ou diff\u00e9rente. Exprimez-la et mesurez-vous ainsi \u00e0 nos tribuns et d\u00e9batteurs.<\/p>\n<p>Envoyez vos analyses \u00e0 : <a href=\"\/cdn-cgi\/l\/email-protection#abc8c4c5dfcac8dfebc8c3cac7c7cec5ccce85c6ca\"><span class=\"__cf_email__\" data-cfemail=\"54373b3a2035372014373c353838313a33317a3935\">[email\u00a0protected]<\/span><\/a>, en pr\u00e9cisant votre nom, votre pr\u00e9nom et votre m\u00e9tier.<\/p>\n<\/div>\n<p>Auteur: challenge<br \/>\n<a href=\"https:\/\/www.challenge.ma\/coronavirus-396-nouvelles-guerisons-dimanche-5-juillet-a-18-heures-14-215-cas-cumules-147443\/\">Cliquez ici pour lire l&rsquo;article depuis sa source.<\/a><\/p>\n","protected":false},"excerpt":{"rendered":"<p>Le nombre de gu\u00e9risons li\u00e9es au coronavirus ne cesse d\u2019augmenter au Maroc. Ces derni\u00e8res 24 heures, pas moins de 396 personnes ont \u00e9t\u00e9 d\u00e9clar\u00e9es gu\u00e9ries par les autorit\u00e9s comp\u00e9tentes. Par ailleurs, le nombre de nouveaux cas de contamination aussi est en hausse. Le Maroc a enregistr\u00e9 ces derni\u00e8res 24 heures 393 nouveaux cas de contamination, [&hellip;]<\/p>\n","protected":false},"author":1787,"featured_media":0,"comment_status":"closed","ping_status":"closed","sticky":false,"template":"","format":"standard","meta":{"fifu_image_url":"","fifu_image_alt":"","footnotes":""},"categories":[78,54],"tags":[],"class_list":["post-91305","post","type-post","status-publish","format-standard","hentry","category-economie","category-maroc"],"_links":{"self":[{"href":"https:\/\/linitiative.ca\/International\/wp-json\/wp\/v2\/posts\/91305","targetHints":{"allow":["GET"]}}],"collection":[{"href":"https:\/\/linitiative.ca\/International\/wp-json\/wp\/v2\/posts"}],"about":[{"href":"https:\/\/linitiative.ca\/International\/wp-json\/wp\/v2\/types\/post"}],"author":[{"embeddable":true,"href":"https:\/\/linitiative.ca\/International\/wp-json\/wp\/v2\/users\/1787"}],"replies":[{"embeddable":true,"href":"https:\/\/linitiative.ca\/International\/wp-json\/wp\/v2\/comments?post=91305"}],"version-history":[{"count":0,"href":"https:\/\/linitiative.ca\/International\/wp-json\/wp\/v2\/posts\/91305\/revisions"}],"wp:attachment":[{"href":"https:\/\/linitiative.ca\/International\/wp-json\/wp\/v2\/media?parent=91305"}],"wp:term":[{"taxonomy":"category","embeddable":true,"href":"https:\/\/linitiative.ca\/International\/wp-json\/wp\/v2\/categories?post=91305"},{"taxonomy":"post_tag","embeddable":true,"href":"https:\/\/linitiative.ca\/International\/wp-json\/wp\/v2\/tags?post=91305"}],"curies":[{"name":"wp","href":"https:\/\/api.w.org\/{rel}","templated":true}]}}