{"id":91317,"date":"2020-07-05T15:02:00","date_gmt":"2020-07-05T19:02:00","guid":{"rendered":"https:\/\/linitiative.ca\/International\/demande-dexcuse-publique-a-la-france-par-lalgerie\/"},"modified":"2020-07-05T15:02:00","modified_gmt":"2020-07-05T19:02:00","slug":"demande-dexcuse-publique-a-la-france-par-lalgerie","status":"publish","type":"post","link":"https:\/\/linitiative.ca\/International\/demande-dexcuse-publique-a-la-france-par-lalgerie\/","title":{"rendered":"DEMANDE D\u2019EXCUSE PUBLIQUE A LA FRANCE PAR L\u2019ALGERIE"},"content":{"rendered":"<div class=\"stream-item stream-item-above-post-content\">\n<p><noscript><\/p>\n<p><a href=\"\/\/www3.smartadserver.com\/ac?jump=1&amp;nwid=2136&amp;siteid=240610&amp;pgname=rg&amp;fmtid=49046&amp;visit=m&amp;tmstp=[timestamp]&amp;out=nonrich\" target=\"_blank\" rel=\"noopener noreferrer\"><img decoding=\"async\" src=\"http:\/\/www3.smartadserver.com\/ac?out=nonrich&amp;nwid=2136&amp;siteid=240610&amp;pgname=rg&amp;fmtid=49046&amp;visit=m&amp;tmstp=[timestamp]\" border=\"0\" alt=\"\"\/><\/a><\/p>\n<p><\/noscript><\/div>\n<p class=\"c3\"><em>Le 15 juillet 1962, l\u2019Alg\u00e9rie arrachait son ind\u00e9pendance \u00e0 l\u2019ancienne puissance coloniale qu\u2019est la France. Et c\u2019est Ben Bella, entour\u00e9 des autres chefs historiques de la lutte de lib\u00e9ration nationale, qui a eu l\u2019honneur de la proclamer. Ce dernier \u00e9tait d\u2019autant fier de jouer ce r\u00f4le que l\u2019ind\u00e9pendance de son pays a \u00e9t\u00e9 le fruit d\u2019une longue et harassante lutte de lib\u00e9ration. En effet, pendant 7 ans, 8 mois et 4 jours, les Alg\u00e9riens n\u2019ont m\u00e9nag\u00e9 aucun sacrifice pour inscrire leur pays sur la liste des nations libres et ind\u00e9pendantes.\u00a0 58 ans apr\u00e8s, les blessures occasionn\u00e9es par cette guerre en particulier et les 130 ans d\u2019occupation coloniale fran\u00e7aise en g\u00e9n\u00e9ral, ont du mal \u00e0 se refermer. En tout cas, pour le pr\u00e9sident alg\u00e9rien, Abdelmadjid Tebboune, seule \u00ab\u00a0une excuse publique\u00a0\u00bb de la part de la France, peut aider \u00e0 les refermer. Toutes les autres d\u00e9marches d\u2019apaisement, entreprises par Emmanuel Macron, dont il salue au passage la sinc\u00e9rit\u00e9, sont des \u00ab\u00a0demi-excuses\u00a0\u00bb. Mais quels sont les actes pos\u00e9s par Emmanuel Macron qui, aux yeux d\u2019Alger, sont per\u00e7us comme tels\u00a0? Le premier a \u00e9t\u00e9 pos\u00e9 en d\u00e9cembre 2017.<\/em><\/p>\n<p class=\"c3\"><strong><em>L\u2019actuel pr\u00e9sident de la R\u00e9publique fran\u00e7aise a beaucoup fait pour apaiser les relations entre les deux pays<\/em><\/strong><\/p>\n<p class=\"c3\"><em>En effet, lors d\u2019une visite \u00e0 Alger, Emmanuel Macron avait eu le courage de qualifier la colonisation de l\u2019Alg\u00e9rie de \u00ab\u00a0crime contre l\u2019humanit\u00e9\u00a0\u00bb. Cette lecture avait \u00e9t\u00e9 interpr\u00e9t\u00e9e par certains observateurs des relations franco-alg\u00e9riennes, comme une rupture par rapport \u00e0 ses pr\u00e9d\u00e9cesseurs. Le deuxi\u00e8me acte allant dans le sens de l\u2019apaisement, a \u00e9t\u00e9 pos\u00e9 rien que le 3 juillet dernier, soit 2 jours avant la comm\u00e9moration du 58e anniversaire de l\u2019\u2019ind\u00e9pendance de l\u2019Alg\u00e9rie. Ce jour-l\u00e0, en effet, la France a restitu\u00e9 \u00e0 l\u2019Alg\u00e9rie, les restes mortuaires de 24 combattants alg\u00e9riens tu\u00e9s au d\u00e9but de l\u2019occupation fran\u00e7aise, entre 1838 et 1865. L\u2019Elys\u00e9e n\u2019a pas manqu\u00e9 de s\u2019en f\u00e9liciter en ces termes: \u00ab\u00a0 Ce geste s\u2019inscrit dans une d\u00e9marche d\u2019amiti\u00e9 et de lucidit\u00e9 sur toutes les blessures de notre histoire\u00a0\u00bb. Pour autant, l\u2019Alg\u00e9rie reste sur sa soif, et on peut qualifier cette attitude en reprenant une expression pris\u00e9e des Burkinab\u00e8\u00a0: \u00ab\u00a0C\u2019est bon mais ce n\u2019est pas arriv\u00e9\u00a0\u00bb. D\u00e8s lors, la grande question qui se pose est de savoir si la France va accepter d\u2019aller au-del\u00e0 de ce que Alger qualifie de\u00a0\u00ab\u00a0demi-excuses\u00a0\u00bb pour se soumettre \u00e0 un rituel \u00ab\u00a0d\u2019excuse publique\u00a0\u00bb tel que souhait\u00e9 par Tebboune. Autrement dit, on peut se poser la question suivante\u00a0: Macron boira-t-il de ce lait\u00a0? On peut prendre le risque d\u2019en douter. En effet, sans prendre partie, on peut estimer que l\u2019actuel pr\u00e9sident de la R\u00e9publique fran\u00e7aise a beaucoup fait pour apaiser les relations entre les deux pays. Et jamais, dans l\u2019histoire de la France, aucun autre pr\u00e9sident n\u2019a os\u00e9 qualifier la colonisation de l\u2019Alg\u00e9rie \u00ab de crime contre l\u2019humanit\u00e9\u00a0\u00bb. M\u00eame le g\u00e9n\u00e9ral De Gaulle qui avait pris le risque en se positionnant clairement pour l\u2019ind\u00e9pendance de l\u2019Alg\u00e9rie, n\u2019avait pas os\u00e9 cette comparaison quand il \u00e9tait aux affaires. Dans l\u2019hypoth\u00e8se m\u00eame o\u00f9 la France serait dispos\u00e9e \u00e0 se plier \u00e0 un c\u00e9r\u00e9monial \u00ab\u00a0d\u2019excuse publique\u00a0\u00bb, rien ne garantit que l\u2019Alg\u00e9rie s\u2019en contenterait.<\/em><\/p>\n<p class=\"c3\"><strong><em>Tebboune a trouv\u00e9, par-l\u00e0, une belle diversion pour d\u00e9tourner le peuple alg\u00e9rien de ses vraies pr\u00e9occupations du moment<\/em><\/strong><\/p>\n<p class=\"c3\"><em>Car, on peut avoir l\u2019impression que tous les r\u00e9gimes qui se sont succ\u00e9d\u00e9 \u00e0 la t\u00eate de l\u2019Alg\u00e9rie depuis 1962, s\u2019abritent derri\u00e8re la probl\u00e9matique li\u00e9e \u00e0 la colonisation de leur pays par la France, pour tenir en \u00e9veil patriotique, les populations et cela, au d\u00e9triment des actions de d\u00e9veloppement. Le Front de lib\u00e9ration nationale ( FLN) en a fait son cheval de bataille. Et pendant que le peuple alg\u00e9rien s\u2019\u00e9poumonait en tirades et en slogans anti-fran\u00e7ais, les dirigeants se livraient eux \u00e0 un pillage syst\u00e9matique des immenses ressources du pays. Abdelmadjid Tebboune ne fait pas exception \u00e0 cette ligne politique. Et ce dernier a plus int\u00e9r\u00eat \u00e0 promouvoir cette strat\u00e9gie. En effet, depuis le 11 f\u00e9vrier 2019, son r\u00e9gime est en proie au Hirak, du nom de ce vaste mouvement de contestation qui milite pour le renvoi de la vieille classe politique alg\u00e9rienne. L\u2019accalmie que l\u2019on observe aujourd\u2019hui est due \u00e0 la pand\u00e9mie du coronavirus. De ce point de vue, l\u2019on peut dire que Tebboune, en demandant \u00e0 la France de \u00ab\u00a0s\u2019excuser publiquement\u00a0\u00bb pour l\u2019ensemble de son \u0153uvre coloniale en Alg\u00e9rie, a trouv\u00e9, par-l\u00e0, une belle diversion pour d\u00e9tourner le peuple alg\u00e9rien de ses vraies pr\u00e9occupations du moment. En effet, l\u2019\u00e9crasante majorit\u00e9 de la population alg\u00e9rienne n\u2019a pas connu la p\u00e9riode de l\u2019h\u00e9ro\u00efque lutte de lib\u00e9ration. Et \u00e0 force de lui donner le m\u00eame menu, cela peut la conduire un jour \u00e0 ne plus avoir de l\u2019app\u00e9tit. D\u00e8s lors, elle peut exiger un autre menu. De ce point de vue, et sans demander aux uns et aux autres d\u2019arracher cette page douloureuse de l\u2019histoire entre les deux pays, l\u2019on peut sugg\u00e9rer aux deux pays de transcender les frustrations et humiliations subies de part et d\u2019autre pour aller vers une refondation des relations entre les deux pays en ayant pour cap l\u2019int\u00e9r\u00eat sup\u00e9rieur des populations alg\u00e9rienne et fran\u00e7aise. Et l\u2019on peut se demander ce que serait la France sans l\u2019Alg\u00e9rie aujourd\u2019hui et vice-versa. La pr\u00e9sence de l\u2019Alg\u00e9rie sur la short list des pays africains auxquels la France et l\u2019Europe ont ouvert leurs portes, pourrait \u00eatre due \u00e0 ce lien privil\u00e9gi\u00e9 entre les deux pays, et cela a une histoire.<\/em><\/p>\n<p class=\"c3\"><strong><em>\u00ab\u00a0Le Pays\u00a0\u00bb<\/em><\/strong><\/p>\n<p>Auteur: Le Pays<br \/>\n<a href=\"http:\/\/lepays.bf\/demande-dexcuse-publique-a-la-france-par-lalgerie\/\">Cliquez ici pour lire l&rsquo;article depuis sa source.<\/a><\/p>\n","protected":false},"excerpt":{"rendered":"<p>Le 15 juillet 1962, l\u2019Alg\u00e9rie arrachait son ind\u00e9pendance \u00e0 l\u2019ancienne puissance coloniale qu\u2019est la France. Et c\u2019est Ben Bella, entour\u00e9 des autres chefs historiques de la lutte de lib\u00e9ration nationale, qui a eu l\u2019honneur de la proclamer. Ce dernier \u00e9tait d\u2019autant fier de jouer ce r\u00f4le que l\u2019ind\u00e9pendance de son pays a \u00e9t\u00e9 le fruit [&hellip;]<\/p>\n","protected":false},"author":1813,"featured_media":0,"comment_status":"closed","ping_status":"closed","sticky":false,"template":"","format":"standard","meta":{"fifu_image_url":"","fifu_image_alt":"","footnotes":""},"categories":[73,81],"tags":[],"class_list":["post-91317","post","type-post","status-publish","format-standard","hentry","category-actualite","category-burkina-faso"],"_links":{"self":[{"href":"https:\/\/linitiative.ca\/International\/wp-json\/wp\/v2\/posts\/91317","targetHints":{"allow":["GET"]}}],"collection":[{"href":"https:\/\/linitiative.ca\/International\/wp-json\/wp\/v2\/posts"}],"about":[{"href":"https:\/\/linitiative.ca\/International\/wp-json\/wp\/v2\/types\/post"}],"author":[{"embeddable":true,"href":"https:\/\/linitiative.ca\/International\/wp-json\/wp\/v2\/users\/1813"}],"replies":[{"embeddable":true,"href":"https:\/\/linitiative.ca\/International\/wp-json\/wp\/v2\/comments?post=91317"}],"version-history":[{"count":0,"href":"https:\/\/linitiative.ca\/International\/wp-json\/wp\/v2\/posts\/91317\/revisions"}],"wp:attachment":[{"href":"https:\/\/linitiative.ca\/International\/wp-json\/wp\/v2\/media?parent=91317"}],"wp:term":[{"taxonomy":"category","embeddable":true,"href":"https:\/\/linitiative.ca\/International\/wp-json\/wp\/v2\/categories?post=91317"},{"taxonomy":"post_tag","embeddable":true,"href":"https:\/\/linitiative.ca\/International\/wp-json\/wp\/v2\/tags?post=91317"}],"curies":[{"name":"wp","href":"https:\/\/api.w.org\/{rel}","templated":true}]}}