{"id":91318,"date":"2020-07-05T15:04:47","date_gmt":"2020-07-05T19:04:47","guid":{"rendered":"https:\/\/linitiative.ca\/International\/designation-du-nouveau-president-de-la-ceni-sur-fond-de-contestation\/"},"modified":"2020-07-05T15:04:47","modified_gmt":"2020-07-05T19:04:47","slug":"designation-du-nouveau-president-de-la-ceni-sur-fond-de-contestation","status":"publish","type":"post","link":"https:\/\/linitiative.ca\/International\/designation-du-nouveau-president-de-la-ceni-sur-fond-de-contestation\/","title":{"rendered":"DESIGNATION DU NOUVEAU PRESIDENT DE LA CENI SUR FOND DE CONTESTATION"},"content":{"rendered":"<div class=\"stream-item stream-item-above-post-content\">\n<p><noscript><\/p>\n<p><a href=\"\/\/www3.smartadserver.com\/ac?jump=1&amp;nwid=2136&amp;siteid=240610&amp;pgname=rg&amp;fmtid=49046&amp;visit=m&amp;tmstp=[timestamp]&amp;out=nonrich\" target=\"_blank\" rel=\"noopener noreferrer\"><img decoding=\"async\" src=\"http:\/\/www3.smartadserver.com\/ac?out=nonrich&amp;nwid=2136&amp;siteid=240610&amp;pgname=rg&amp;fmtid=49046&amp;visit=m&amp;tmstp=[timestamp]\" border=\"0\" alt=\"\"\/><\/a><\/p>\n<p><\/noscript><\/div>\n<p class=\"c3\"><em>Contest\u00e9 voire tr\u00e8s contest\u00e9 ! C\u2019est le moins que l\u2019on puisse dire du nouveau pr\u00e9sident de la Commission nationale \u00e9lectorale ind\u00e9pendante (CENI) de la R\u00e9publique d\u00e9mocratique du Congo (RDC). Pouvait-il, du reste, en \u00eatre autrement quand on sait que les huit confessions religieuses qui, traditionnellement, d\u00e9signent le pr\u00e9sident de l\u2019instance \u00e9lectorale, ne sont pas parvenues \u00e0 un consensus et qu\u2019en d\u00e9pit de tout, Ronsard Malonda, puisque c\u2019est de lui qu\u2019il s\u2019agit, a \u00e9t\u00e9, envers et contre tous, impos\u00e9\u00a0? En tout cas, ce dernier, connu pour \u00eatre tr\u00e8s proche de l\u2019ancien pr\u00e9sident Joseph Kabila, a vu sa nomination confirm\u00e9e le 4 juillet dernier par l\u2019Assembl\u00e9e nationale qui, on le sait, est domin\u00e9e par les d\u00e9put\u00e9s issus des rangs du Front commun pour le Congo (FCC). On voit donc venir les choses. Car, tout se passe comme si l\u2019ex-pr\u00e9sident est en train de man\u0153uvrer pour revenir au pouvoir\u00a0; lui qui, on le sait, depuis sa fazenda, d\u00e9tient toujours la r\u00e9alit\u00e9 du pouvoir \u00e9tant donn\u00e9 que la plupart des institutions de la R\u00e9publique sont dirig\u00e9es par ses hommes- liges. C\u2019est le cas, par exemple, de l\u2019Assembl\u00e9e nationale, de la Primature, du S\u00e9nat et d\u00e9sormais de la CENI. A moins que, pour ce dernier cas, le pr\u00e9sident F\u00e9lix Tshis\u00e9k\u00e9di ne fasse dans la bravade en refusant de signer l\u2019ordonnance d\u2019investiture de Ronsard Malonda, comme le r\u00e9clament les centaines de manifestants parmi lesquels on comptait des religieux, des activistes de la soci\u00e9t\u00e9 civile et des leaders politiques, qui \u00e9taient dans la rue le week-end dernier. On attend de voir puisque le chef de l\u2019Etat congolais, tout en rappelant aussi aux uns et aux autres qu\u2019il est le garant du bon fonctionnement des institutions, a promis de \u00ab\u00a0veiller personnellement\u00a0\u00bb \u00e0 ce que le choix du pr\u00e9sident de la CENI soit cr\u00e9dible et se d\u00e9roule dans un \u00ab\u00a0esprit de consensus et d\u2019apaisement\u00a0\u00bb.<\/em><\/p>\n<p class=\"c3\"><strong><em>Tout laisse croire que Kabila tient le pr\u00e9sident Tshis\u00e9k\u00e9di par la barbichette<\/em><\/strong><\/p>\n<p class=\"c3\"><em>Le peut-il seulement\u00a0? Rien n\u2019est moins s\u00fbr. Du reste, quand on sait que le pr\u00e9sident Tshis\u00e9k\u00e9di lui-m\u00eame est arriv\u00e9 au pouvoir dans les conditions que l\u2019on sait et ce, gr\u00e2ce \u00e0 la manipulation des r\u00e9sultats, organis\u00e9e par le m\u00eame personnage puisqu\u2019il \u00e9tait \u00e0 l\u2019\u00e9poque le secr\u00e9taire ex\u00e9cutif de la CENI alors dirig\u00e9 par le tristement c\u00e9l\u00e8bre Corneille Nanga, on se demande bien si le combat que m\u00e8nent actuellement les Congolais, n\u2019est pas perdu d\u2019avance. Car, tout laisse croire que Kabila tient le pr\u00e9sident Tshis\u00e9k\u00e9di par la barbichette. Or, comme on le sait, la CENI est une institution qui cristallise tellement les attentions que si le choix des hommes et des femmes qui la composent, ne fait pas l\u2019objet de consensus, cela peut ouvrir la porte \u00e0 une crise post-\u00e9lectorale avec toutes les cons\u00e9quences qui vont avec. C\u2019est pourquoi il y a lieu de saluer la vigilance des Congolais qui, de gredinerie lasse, refusent de se laisser conter fleurette. Ils ont vu juste, surtout que le sieur Malonda que tentent d\u2019imposer les pro-Kabila, est d\u00e9j\u00e0 sous le coup de sanctions am\u00e9ricaines pour soup\u00e7ons de corruption. En tout cas, il faut sauver la RDC o\u00f9 chaque jour qui passe apporte son lot de surprises, les unes tout aussi d\u00e9sagr\u00e9ables et \u00e9coeurantes que les autres. C\u2019est le cas, par exemple, de la r\u00e9forme tendant \u00e0 museler la Justice que veulent op\u00e9rer les partisans de l\u2019ancien r\u00e9gime et ce, en d\u00e9pit de la clameur que cela provoque.<\/em><\/p>\n<p class=\"c3\"><strong><em>Boundi OUOBA<\/em><\/strong><\/p>\n<p>Auteur: Le Pays<br \/>\n<a href=\"http:\/\/lepays.bf\/designation-du-nouveau-president-de-la-ceni-sur-fond-de-contestation\/\">Cliquez ici pour lire l&rsquo;article depuis sa source.<\/a><\/p>\n","protected":false},"excerpt":{"rendered":"<p>Contest\u00e9 voire tr\u00e8s contest\u00e9 ! C\u2019est le moins que l\u2019on puisse dire du nouveau pr\u00e9sident de la Commission nationale \u00e9lectorale ind\u00e9pendante (CENI) de la R\u00e9publique d\u00e9mocratique du Congo (RDC). Pouvait-il, du reste, en \u00eatre autrement quand on sait que les huit confessions religieuses qui, traditionnellement, d\u00e9signent le pr\u00e9sident de l\u2019instance \u00e9lectorale, ne sont pas parvenues [&hellip;]<\/p>\n","protected":false},"author":1813,"featured_media":0,"comment_status":"closed","ping_status":"closed","sticky":false,"template":"","format":"standard","meta":{"fifu_image_url":"","fifu_image_alt":"","footnotes":""},"categories":[73,81],"tags":[],"class_list":["post-91318","post","type-post","status-publish","format-standard","hentry","category-actualite","category-burkina-faso"],"_links":{"self":[{"href":"https:\/\/linitiative.ca\/International\/wp-json\/wp\/v2\/posts\/91318","targetHints":{"allow":["GET"]}}],"collection":[{"href":"https:\/\/linitiative.ca\/International\/wp-json\/wp\/v2\/posts"}],"about":[{"href":"https:\/\/linitiative.ca\/International\/wp-json\/wp\/v2\/types\/post"}],"author":[{"embeddable":true,"href":"https:\/\/linitiative.ca\/International\/wp-json\/wp\/v2\/users\/1813"}],"replies":[{"embeddable":true,"href":"https:\/\/linitiative.ca\/International\/wp-json\/wp\/v2\/comments?post=91318"}],"version-history":[{"count":0,"href":"https:\/\/linitiative.ca\/International\/wp-json\/wp\/v2\/posts\/91318\/revisions"}],"wp:attachment":[{"href":"https:\/\/linitiative.ca\/International\/wp-json\/wp\/v2\/media?parent=91318"}],"wp:term":[{"taxonomy":"category","embeddable":true,"href":"https:\/\/linitiative.ca\/International\/wp-json\/wp\/v2\/categories?post=91318"},{"taxonomy":"post_tag","embeddable":true,"href":"https:\/\/linitiative.ca\/International\/wp-json\/wp\/v2\/tags?post=91318"}],"curies":[{"name":"wp","href":"https:\/\/api.w.org\/{rel}","templated":true}]}}