{"id":91319,"date":"2020-07-05T15:07:34","date_gmt":"2020-07-05T19:07:34","guid":{"rendered":"https:\/\/linitiative.ca\/International\/crise-sociopolitique-au-mali\/"},"modified":"2020-07-05T15:07:34","modified_gmt":"2020-07-05T19:07:34","slug":"crise-sociopolitique-au-mali","status":"publish","type":"post","link":"https:\/\/linitiative.ca\/International\/crise-sociopolitique-au-mali\/","title":{"rendered":"CRISE SOCIOPOLITIQUE AU MALI"},"content":{"rendered":"<div class=\"stream-item stream-item-above-post-content\">\n<p><noscript><\/p>\n<p><a href=\"\/\/www3.smartadserver.com\/ac?jump=1&amp;nwid=2136&amp;siteid=240610&amp;pgname=rg&amp;fmtid=49046&amp;visit=m&amp;tmstp=[timestamp]&amp;out=nonrich\" target=\"_blank\" rel=\"noopener noreferrer\"><img decoding=\"async\" src=\"http:\/\/www3.smartadserver.com\/ac?out=nonrich&amp;nwid=2136&amp;siteid=240610&amp;pgname=rg&amp;fmtid=49046&amp;visit=m&amp;tmstp=[timestamp]\" border=\"0\" alt=\"\"\/><\/a><\/p>\n<p><\/noscript><\/div>\n<p class=\"c3\"><em>Malgr\u00e9 les n\u00e9gociations et concertations tous azimuts men\u00e9es au pas de course par l\u2019ONU, la CEDEAO, l\u2019Union africaine et des personnalit\u00e9s maliennes comme l\u2019imam Madani Haidara, le Cardinal Jean Zerbo et l\u2019ancien pr\u00e9sident, Moussa Traor\u00e9, pour rabibocher le M5 et le pr\u00e9sident contest\u00e9 Ibrahim Boubacar Keita (IBK), il faut se rendre \u00e0 l\u2019\u00e9vidence qu\u2019il y a toujours de l\u2019eau dans le gaz et que la crise sociopolitique est loin de s\u2019estomper au Mali. C\u2019est vrai que IBK a pu sauver sa t\u00eate et son fauteuil gr\u00e2ce aux bons offices de la communaut\u00e9 internationale et au r\u00e9alisme du leader de la contestation, l\u2019imam Mahmoud Dicko, mais ce n\u2019est pas encore le retour au calme sur les deux rives du Djoliba d\u2019autant que les propositions de sortie d\u00e9finitive de crise divisent plus qu\u2019elles ne rapprochent les acteurs. Le pr\u00e9sident malien, qui peut maintenant pousser un l\u00e9ger soupir de soulagement, a annonc\u00e9, samedi dernier, apr\u00e8s sa rencontre avec ses amis de la majorit\u00e9 pr\u00e9sidentielle et l\u2019imam Dicko, qu\u2019il est favorable \u00e0 la mise en place d\u2019un gouvernement d\u2019ouverture tel que pr\u00e9conis\u00e9 par la CEDEAO, mais n\u2019a pip\u00e9 mot sur le profil politique du futur chef de l\u2019Ex\u00e9cutif. Il s\u2019est dit \u00e9galement ouvert au dialogue par rapport \u00e0 l\u2019organisation rapide des l\u00e9gislatives partielles, propos\u00e9e par l\u2019instance sous-r\u00e9gionale, mais tout cela risque de ne pas calmer les eaux agit\u00e9es du Djoliba au regard des exigences du mouvement contestataire du 5 juin (M5). Cette alliance disparate opportun\u00e9ment f\u00e9d\u00e9r\u00e9e par l\u2019hostilit\u00e9 au pr\u00e9sident IBK, exige, entre autres, en effet, que le futur Premier ministre soit issu de ses rangs, que l\u2019Assembl\u00e9e nationale soit imm\u00e9diatement dissoute et que les membres de la Cour constitutionnelle soient int\u00e9gralement renouvel\u00e9s.<\/em><\/p>\n<p class=\"c3\"><strong><em>On n\u00e9gocie, de part et d\u2019autre, avec le couteau entre les dents<\/em><\/strong><\/p>\n<p class=\"c3\"><em>Il est \u00e9vident que cette pilule, somme toute, am\u00e8re, ne sera pas facilement aval\u00e9e ni par le chef de l\u2019Etat, ni par les d\u00e9put\u00e9s actuels, ni m\u00eame par les candidats dont la victoire a \u00e9t\u00e9, \u00e0 tort ou \u00e0 raison, invalid\u00e9e par la Cour constitutionnelle, qui ne demandent ni plus ni moins qu\u2019on les r\u00e9tablisse dans leurs droits au lieu de perdre du temps et de l\u2019argent en organisant de nouvelles \u00e9lections. Les tensions seront d\u2019autant moins apais\u00e9es qu\u2019il y a dans les deux camps, des boutefeux comme c\u2019est le cas, c\u00f4t\u00e9 M5, de la jeunesse contestataire proche du cin\u00e9aste Cheick Omar Cissoko qui estime que la d\u00e9mission du pr\u00e9sident IBK est non n\u00e9gociable, et c\u00f4t\u00e9 majorit\u00e9 pr\u00e9sidentielle, le cas du pr\u00e9sident de l\u2019Assembl\u00e9e nationale, Moussa Timbin\u00e9, qui est vent debout contre la dissolution programm\u00e9e de son institution. Face aux risques r\u00e9els de scission au sein du mouvement h\u00e9t\u00e9roclite du 5 juin, ses dirigeants r\u00e9unis \u00e0 Bamako, cette fois-ci sans Mahmoud Dicko, pr\u00e9voient, pour rassurer et galvaniser leurs troupes, des manifestations d\u2019une plus grande ampleur dans la capitale mais aussi dans les villes de l\u2019int\u00e9rieur, le 10 juillet prochain. En clair, on n\u00e9gocie, de part et d\u2019autre, avec le couteau entre les dents, sur fond d\u2019int\u00e9r\u00eats politiques et personnels qui, malheureusement, ne font qu\u2019accentuer la lente mais constante d\u00e9composition du Mali. Esp\u00e9rons que la communaut\u00e9 internationale et la CEDEAO vont continuer \u00e0 veiller au grain afin d\u2019\u00e9viter le sc\u00e9nario-catastrophe du braquage des institutions de la R\u00e9publique, par des opportunistes\u00a0; toute chose qui ajouterait un clou au cercueil de la paix et de la coh\u00e9sion sociale dans ce pays. Et comme en politique aussi, pardon, en politique surtout, \u00ab\u00a0rien ne se perd, rien ne se cr\u00e9\u00e9, tout se transforme\u00a0\u00bb, il est bien possible que dans la \u2018\u2019battue\u2019\u2019 en cours pour trouver un Premier ministre de consensus dot\u00e9 de pleins pouvoirs, l\u2019oiseau rare soit un ancien proche de IBK aujourd\u2019hui pass\u00e9 \u00e0 l\u2019opposition. Peu importe le nom du transfuge, l\u2019essentiel est qu\u2019il r\u00e9ponde aux attentes surtout des contestataires, en attendant l\u2019in\u00e9vitable lev\u00e9e de boucliers de la part des partisans du pr\u00e9sident quand ces derniers vont sortir de leur torpeur actuelle. Ainsi va le Mali, ce pays o\u00f9 la r\u00e9solution d\u2019une crise est presque toujours le pr\u00e9lude \u00e0 une autre, le plus souvent bien plus grave encore.<\/em><\/p>\n<p class=\"c3\"><strong><em>Hamadou GADIAGA<\/em><\/strong><\/p>\n<p>Auteur: Le Pays<br \/>\n<a href=\"http:\/\/lepays.bf\/crise-sociopolitique-au-mali\/\">Cliquez ici pour lire l&rsquo;article depuis sa source.<\/a><\/p>\n","protected":false},"excerpt":{"rendered":"<p>Malgr\u00e9 les n\u00e9gociations et concertations tous azimuts men\u00e9es au pas de course par l\u2019ONU, la CEDEAO, l\u2019Union africaine et des personnalit\u00e9s maliennes comme l\u2019imam Madani Haidara, le Cardinal Jean Zerbo et l\u2019ancien pr\u00e9sident, Moussa Traor\u00e9, pour rabibocher le M5 et le pr\u00e9sident contest\u00e9 Ibrahim Boubacar Keita (IBK), il faut se rendre \u00e0 l\u2019\u00e9vidence qu\u2019il y [&hellip;]<\/p>\n","protected":false},"author":1813,"featured_media":0,"comment_status":"closed","ping_status":"closed","sticky":false,"template":"","format":"standard","meta":{"fifu_image_url":"","fifu_image_alt":"","footnotes":""},"categories":[73,81],"tags":[],"class_list":["post-91319","post","type-post","status-publish","format-standard","hentry","category-actualite","category-burkina-faso"],"_links":{"self":[{"href":"https:\/\/linitiative.ca\/International\/wp-json\/wp\/v2\/posts\/91319","targetHints":{"allow":["GET"]}}],"collection":[{"href":"https:\/\/linitiative.ca\/International\/wp-json\/wp\/v2\/posts"}],"about":[{"href":"https:\/\/linitiative.ca\/International\/wp-json\/wp\/v2\/types\/post"}],"author":[{"embeddable":true,"href":"https:\/\/linitiative.ca\/International\/wp-json\/wp\/v2\/users\/1813"}],"replies":[{"embeddable":true,"href":"https:\/\/linitiative.ca\/International\/wp-json\/wp\/v2\/comments?post=91319"}],"version-history":[{"count":0,"href":"https:\/\/linitiative.ca\/International\/wp-json\/wp\/v2\/posts\/91319\/revisions"}],"wp:attachment":[{"href":"https:\/\/linitiative.ca\/International\/wp-json\/wp\/v2\/media?parent=91319"}],"wp:term":[{"taxonomy":"category","embeddable":true,"href":"https:\/\/linitiative.ca\/International\/wp-json\/wp\/v2\/categories?post=91319"},{"taxonomy":"post_tag","embeddable":true,"href":"https:\/\/linitiative.ca\/International\/wp-json\/wp\/v2\/tags?post=91319"}],"curies":[{"name":"wp","href":"https:\/\/api.w.org\/{rel}","templated":true}]}}