{"id":91320,"date":"2020-07-05T16:54:22","date_gmt":"2020-07-05T20:54:22","guid":{"rendered":"https:\/\/linitiative.ca\/International\/region-des-cascades-le-premier-ministre-a-lecoute-des-forces-vives\/"},"modified":"2020-07-05T16:54:22","modified_gmt":"2020-07-05T20:54:22","slug":"region-des-cascades-le-premier-ministre-a-lecoute-des-forces-vives","status":"publish","type":"post","link":"https:\/\/linitiative.ca\/International\/region-des-cascades-le-premier-ministre-a-lecoute-des-forces-vives\/","title":{"rendered":"R\u00e9gion des Cascades: le Premier ministre \u00e0 l\u2019\u00e9coute  des forces vives"},"content":{"rendered":"<div class=\"td-post-featured-image\"><a href=\"https:\/\/www.sidwaya.info\/wp-content\/uploads\/2020\/07\/Pmfrcv.jpg\" data-caption=\"\"><img loading=\"lazy\" decoding=\"async\" width=\"696\" height=\"464\" class=\"entry-thumb td-modal-image\" src=\"https:\/\/www.sidwaya.info\/wp-content\/uploads\/2020\/07\/Pmfrcv-696x464.jpg\" srcset=\"https:\/\/www.sidwaya.info\/wp-content\/uploads\/2020\/07\/Pmfrcv-696x464.jpg 696w, https:\/\/www.sidwaya.info\/wp-content\/uploads\/2020\/07\/Pmfrcv-300x200.jpg 300w, https:\/\/www.sidwaya.info\/wp-content\/uploads\/2020\/07\/Pmfrcv-768x512.jpg 768w, https:\/\/www.sidwaya.info\/wp-content\/uploads\/2020\/07\/Pmfrcv-630x420.jpg 630w, https:\/\/www.sidwaya.info\/wp-content\/uploads\/2020\/07\/Pmfrcv.jpg 787w\" sizes=\"auto, (max-width: 696px) 100vw, 696px\" alt=\"\" title=\"Pmfrcv\"\/><\/a><\/div>\n<p><strong>Le Premier ministre, Christophe Joseph Marie Dabir\u00e9, a rencontr\u00e9, respectivement, les 3 et 4 juillet 2020 \u00e0 Banfora et \u00e0 Sindou, les forces vives de la province de la Como\u00e9 et celle de la L\u00e9raba. Des questions de d\u00e9veloppement \u00e9taient au menu des \u00e9changes.<\/strong><\/p>\n<p>Le gouvernement veut recueillir les attentes des populations afin de les prendre en compte dans ses actions de d\u00e9veloppement. A cet effet, \u00e0 l\u2019occasion d\u2019une visite de 72 heures dans la r\u00e9gion des Cascades, le Premier ministre, Christophe Joseph Marie Dabir\u00e9, a pris langue avec les fils et filles de la localit\u00e9. Les \u00e9changes entre le chef du gouvernement et les forces vives des provinces de la Como\u00e9 et de la L\u00e9raba se sont respectivement d\u00e9roul\u00e9s, le vendredi 3 juillet \u00e0 Banfora et le samedi 4 juillet 2020 \u00e0 Sindou. Pour le Premier ministre, ces cadres constituent une opportunit\u00e9 pour son \u00e9quipe de partager avec les populations, un certain nombre de r\u00e9flexions li\u00e9es au d\u00e9veloppement des deux provinces de la r\u00e9gion des Cascades et du Burkina. Dans le cadre de la comm\u00e9moration du 11-D\u00e9cembre \u00e0 Banfora qui co\u00efncide avec les soixante ans de l\u2019ind\u00e9pendance du Burkina Faso, Christophe Joseph Marie Dabir\u00e9 a invit\u00e9 les fils et les filles \u00e0 s\u2019impliquer dans les pr\u00e9paratifs des festivit\u00e9s et la r\u00e9alisation des infrastructures. Pour ce qui est de la situation sanitaire, le chef du gouvernement a indiqu\u00e9 que les actes terroristes perp\u00e9tr\u00e9s dans les r\u00e9gions du Nord, du Sahel et de l\u2019Est ont des r\u00e9percussions n\u00e9gatives sur les autres parties du pays. D\u2019o\u00f9 la n\u00e9cessit\u00e9, a-t-il pr\u00e9cis\u00e9, de mobiliser l\u2019ensemble des populations pour lutter contre le fl\u00e9au.<\/p>\n<p>Une kyrielle de pr\u00e9occupations<\/p>\n<div class=\"td-a-rec td-a-rec-id-content_inline tdi_30_9d2 td_block_template_1\"><img loading=\"lazy\" decoding=\"async\" class=\"aligncenter size-full wp-image-21314\" src=\"https:\/\/www.sidwaya.info\/wp-content\/uploads\/2020\/04\/Bandeau-Covid-19-Sidwaya-1.jpg\" alt=\"\" width=\"790\" height=\"98\"\/><\/div>\n<p>Les Burkinab\u00e8 ne doivent pas aussi rel\u00e2cher dans le respect des mesures-barri\u00e8res pour contenir la pand\u00e9mie de la COVID-19, a rappel\u00e9 le Premier ministre. Il a aussi invit\u00e9 les populations \u00e0 la coh\u00e9sion. \u00ab De plus en plus, l\u2019on constate des conflits communautaires et m\u00eame au sein des communaut\u00e9s. Il faut nous ressourcer de nos valeurs cardinales et faire en sorte que les traditionnels jouent leur r\u00f4le \u00bb, a-t-il souhait\u00e9. Les \u00e9lections \u00e9taient \u00e9galement au menu. A ce propos, M. Dabir\u00e9 a laiss\u00e9 entendre que les op\u00e9rations d\u2019enr\u00f4lement se d\u00e9roulent bien. \u00ab 85% des efforts ont \u00e9t\u00e9 consentis. Il reste \u00e0 fournir des efforts dans les zones de l\u2019Est, du Sahel, du Nord et de la Boucle du Mouhoun. Des moyens seront consentis \u00e0 cet effet \u00bb, a-t-il rassur\u00e9.<br \/>A la suite, les repr\u00e9sentants des jeunes, des femmes, des anciens et des \u00e9lus locaux ont, \u00e0 tour de r\u00f4le, soumis \u00e0 l\u2019ex\u00e9cutif leurs pr\u00e9occupations. Il s\u2019agit, entre autres, des questions d\u2019emplois, d\u2019autonomisation des femmes, de construction des infrastructures de sant\u00e9, de routes, de march\u00e9s de b\u00e9tail et d\u2019am\u00e9nagement de bas-fonds. Estimant avoir pris bonne note, le Premier ministre a reconnu que son \u00e9quipe se doit de consentir encore des efforts. \u00ab C\u2019est normal parce que la r\u00e9gion est \u00e9loign\u00e9e de la capitale. Certaines communes des Cascades sont \u00e0 800 km de Ouagadougou. Il nous revient de faire en sorte que ces populations ne soient pas oubli\u00e9es \u00bb, a-t-il avou\u00e9. A propos, les suggestions en rapport direct avec le processus de d\u00e9veloppement seront prises en compte, a rassur\u00e9 le chef du gouvernement. \u00ab Certaines pr\u00e9occupations sont d\u00e9j\u00e0 inscrites dans le Plan national de d\u00e9veloppement \u00e9conomique et social (PNDES) que nous sommes en train d\u2019achever en termes de r\u00e9alisations. Les nouvelles pr\u00e9occupations seront int\u00e9gr\u00e9es dans le nouveau r\u00e9f\u00e9rentiel que nous allons \u00e9laborer pour les cinq ann\u00e9es \u00e0 venir \u00bb, a-t-il pr\u00e9cis\u00e9.<\/p>\n<p>Abdoulaye BALBONE<\/p>\n<div class=\"td-a-rec td-a-rec-id-content_bottom tdi_31_740 td_block_template_1\"><img loading=\"lazy\" decoding=\"async\" class=\"aligncenter size-full wp-image-22415\" src=\"https:\/\/www.sidwaya.info\/wp-content\/uploads\/2020\/05\/Bandeau-paiement-mobile-site.png\" alt=\"\" width=\"728\" height=\"90\"\/><\/div>\n<p>Auteur: BM. Sidwaya<br \/>\n<a href=\"https:\/\/www.sidwaya.info\/blog\/2020\/07\/05\/region-des-cascades-le-premier-ministre-a-lecoute-des-forces-vives\/\">Cliquez ici pour lire l&rsquo;article depuis sa source.<\/a><\/p>\n","protected":false},"excerpt":{"rendered":"<p>Le Premier ministre, Christophe Joseph Marie Dabir\u00e9, a rencontr\u00e9, respectivement, les 3 et 4 juillet 2020 \u00e0 Banfora et \u00e0 Sindou, les forces vives de la province de la Como\u00e9 et celle de la L\u00e9raba. Des questions de d\u00e9veloppement \u00e9taient au menu des \u00e9changes. Le gouvernement veut recueillir les attentes des populations afin de les [&hellip;]<\/p>\n","protected":false},"author":1816,"featured_media":91321,"comment_status":"closed","ping_status":"closed","sticky":false,"template":"","format":"standard","meta":{"fifu_image_url":"","fifu_image_alt":"","footnotes":""},"categories":[73,81],"tags":[],"class_list":["post-91320","post","type-post","status-publish","format-standard","has-post-thumbnail","hentry","category-actualite","category-burkina-faso"],"_links":{"self":[{"href":"https:\/\/linitiative.ca\/International\/wp-json\/wp\/v2\/posts\/91320","targetHints":{"allow":["GET"]}}],"collection":[{"href":"https:\/\/linitiative.ca\/International\/wp-json\/wp\/v2\/posts"}],"about":[{"href":"https:\/\/linitiative.ca\/International\/wp-json\/wp\/v2\/types\/post"}],"author":[{"embeddable":true,"href":"https:\/\/linitiative.ca\/International\/wp-json\/wp\/v2\/users\/1816"}],"replies":[{"embeddable":true,"href":"https:\/\/linitiative.ca\/International\/wp-json\/wp\/v2\/comments?post=91320"}],"version-history":[{"count":0,"href":"https:\/\/linitiative.ca\/International\/wp-json\/wp\/v2\/posts\/91320\/revisions"}],"wp:featuredmedia":[{"embeddable":true,"href":"https:\/\/linitiative.ca\/International\/wp-json\/"}],"wp:attachment":[{"href":"https:\/\/linitiative.ca\/International\/wp-json\/wp\/v2\/media?parent=91320"}],"wp:term":[{"taxonomy":"category","embeddable":true,"href":"https:\/\/linitiative.ca\/International\/wp-json\/wp\/v2\/categories?post=91320"},{"taxonomy":"post_tag","embeddable":true,"href":"https:\/\/linitiative.ca\/International\/wp-json\/wp\/v2\/tags?post=91320"}],"curies":[{"name":"wp","href":"https:\/\/api.w.org\/{rel}","templated":true}]}}