{"id":91322,"date":"2020-07-05T16:59:26","date_gmt":"2020-07-05T20:59:26","guid":{"rendered":"https:\/\/linitiative.ca\/International\/election-presidentielle-2020-des-mouvements-associatifs-font-bloc-derriere-roch-kabore\/"},"modified":"2020-07-05T16:59:26","modified_gmt":"2020-07-05T20:59:26","slug":"election-presidentielle-2020-des-mouvements-associatifs-font-bloc-derriere-roch-kabore","status":"publish","type":"post","link":"https:\/\/linitiative.ca\/International\/election-presidentielle-2020-des-mouvements-associatifs-font-bloc-derriere-roch-kabore\/","title":{"rendered":"Election pr\u00e9sidentielle 2020: des mouvements associatifs font bloc derri\u00e8re Roch Kabor\u00e9"},"content":{"rendered":"<div class=\"td-post-featured-image\"><a href=\"https:\/\/www.sidwaya.info\/wp-content\/uploads\/2020\/07\/simoncp06.jpg\" data-caption=\"\"><img loading=\"lazy\" decoding=\"async\" width=\"696\" height=\"464\" class=\"entry-thumb td-modal-image\" src=\"https:\/\/www.sidwaya.info\/wp-content\/uploads\/2020\/07\/simoncp06-696x464.jpg\" srcset=\"https:\/\/www.sidwaya.info\/wp-content\/uploads\/2020\/07\/simoncp06-696x464.jpg 696w, https:\/\/www.sidwaya.info\/wp-content\/uploads\/2020\/07\/simoncp06-300x200.jpg 300w, https:\/\/www.sidwaya.info\/wp-content\/uploads\/2020\/07\/simoncp06-768x512.jpg 768w, https:\/\/www.sidwaya.info\/wp-content\/uploads\/2020\/07\/simoncp06-630x420.jpg 630w, https:\/\/www.sidwaya.info\/wp-content\/uploads\/2020\/07\/simoncp06.jpg 787w\" sizes=\"auto, (max-width: 696px) 100vw, 696px\" alt=\"\" title=\"simoncp06\"\/><\/a><\/div>\n<p><strong>Les mouvements et associations de la r\u00e9gion du Centre, proches du Mouvement du peuple pour le progr\u00e8s (MPP) ont organis\u00e9, le samedi 4 juillet 2020, \u00e0 Ouagadougou, une assembl\u00e9e g\u00e9n\u00e9rale de soutien \u00e0 la candidature de Roch Marc Christian Kabor\u00e9 \u00e0 la pr\u00e9sidentielle du 22 novembre prochain.<\/strong><\/p>\n<p>Roch Marc Christian Kabor\u00e9 peut compter sur les mouvements et associations proches du Mouvement du peuple pour le progr\u00e8s (MPP) pour sa r\u00e9\u00e9lection, le 22 novembre prochain comme pr\u00e9sident du Faso. Dans le palais de la culture Jean- Pierre-Guingan\u00e9 qui a refus\u00e9 du monde, le samedi 4 juillet 2020, ils ont rassur\u00e9 le pr\u00e9sident du MPP, Simon Compaor\u00e9, lors d\u2019une assembl\u00e9e g\u00e9n\u00e9rale. \u00ab Cette mobilisation n\u2019est que la partie visible de l\u2019iceberg du dispositif de soutien infaillible et inconditionnel \u00e0 la candidature de Roch Marc Christian Kabor\u00e9, avant son investiture \u00bb, a soutenu la charg\u00e9e de la coordination des mouvements et associations, Balkissa Barro. Repr\u00e9sentant les jeunes, Cheick Omar Tougri, a, pour sa part, estim\u00e9 que le candidat a respect\u00e9 ses engagements de campagne. Ainsi, il a cit\u00e9, entre autres, la cr\u00e9ation de 50 000 postes dans la fonction publique, la formation de 5 000 jeunes et leur placement dans les entreprises, le renforcement de la gouvernance, l\u2019ind\u00e9pendance de la justice, la construction de 1 000 salles de classe pour la normalisation des \u00e9coles, de 3 000 salles pour r\u00e9sorber les \u00e9coles sous paillote et de 10 lyc\u00e9es scientifiques dont deux fonctionnels. La repr\u00e9sentante des femmes, Madina Traor\u00e9 a, quant \u00e0 elle, \u00e9voqu\u00e9 la construction de plus de 200 Centres de sant\u00e9 et de promotion sociale (CSPS), la gratuit\u00e9 des soins, la mise \u00e0 disposition de plus de 10 milliards F CFA pour l\u2019autonomisation des femmes et des jeunes. En d\u00e9pit des acquis, les jeunes et les femmes ont soumis au candidat des dol\u00e9ances en vue de leur r\u00e9solution au cours de son second mandat. Il s\u2019agit du renforcement du fonds d\u2019appui aux initiatives des jeunes, de la prise en compte<br \/>\u00ab effective \u00bb des jeunes dans les sph\u00e8res de d\u00e9cisions et de la r\u00e9partition \u00ab \u00e9quitable \u00bb des fonds de soutien aux femmes. Toutefois, ils ont promis de continuer la mobilisation pour l\u2019enr\u00f4lement sur les listes \u00e9lectorales, pour assurer une victoire par \u00ab coup KO \u00bb \u00e0 leur candidat comme en 2015. De quoi rassurer le secr\u00e9taire national charg\u00e9 des Organisations de la soci\u00e9t\u00e9 civile (OSC), Abdoulaye Moss\u00e9. Celui-ci a estim\u00e9 que cette assembl\u00e9e g\u00e9n\u00e9rale vise \u00e0 resserrer les rangs des militants et sympathisants du MPP en vue de leur enr\u00f4lement sur les listes \u00e9lectorales et de leur participation \u00ab massive \u00bb \u00e0 l\u2019investiture de Roch Kabor\u00e9, le 11 juillet prochain. \u00ab Le pr\u00e9sident Kabor\u00e9 et son gouvernement ont subi toutes les attaques pour freiner la marche du pays sur les chantiers du d\u00e9veloppement en vain \u00bb, a-t-il lanc\u00e9. Ce qui fait dire au pr\u00e9sident du MPP, Simon Compaor\u00e9 que son parti est sur quatre fronts. Il a cit\u00e9 le terrorisme, la COVID-19, la \u2002r\u00e9\u00e9lection de Roch Marc Christian Kabor\u00e9 le 22 novembre 2020. \u00ab Aujourd\u2019hui, il \u00e9tait question de tester notre capacit\u00e9 de mobilisation au niveau des OSC \u2026 Nous avons encore une capacit\u00e9 intacte de mobilisation qui va nous permettre de d\u00e9montrer le 11 juillet prochain que la victoire que nous projetons pour notre parti et notre candidat n\u2019est pas fond\u00e9e sur du vide, mais sur son bilan. Il n\u2019y a pas de peut-\u00eatre. Nous sommes s\u00fbrs qu\u2019avec votre d\u00e9termination, la victoire est assur\u00e9e \u00bb, a-t-il argu\u00e9. Il a donc invit\u00e9 les militants \u00e0 faire le plein du palais des sports de Ouaga 2000, le jour de l\u2019investiture de leur candidat afin de diss\u00e9quer ce bilan et en faire un moyen de conviction lors de la campagne \u00e9lectorale \u00e0 venir.<\/p>\n<p>Jean-Marie TOE<\/p>\n<div class=\"td-a-rec td-a-rec-id-content_inline tdi_30_57c td_block_template_1\"><img loading=\"lazy\" decoding=\"async\" class=\"aligncenter size-full wp-image-21314\" src=\"https:\/\/www.sidwaya.info\/wp-content\/uploads\/2020\/04\/Bandeau-Covid-19-Sidwaya-1.jpg\" alt=\"\" width=\"790\" height=\"98\"\/><\/div>\n<div class=\"td-a-rec td-a-rec-id-content_bottom tdi_31_d99 td_block_template_1\"><img loading=\"lazy\" decoding=\"async\" class=\"aligncenter size-full wp-image-22415\" src=\"https:\/\/www.sidwaya.info\/wp-content\/uploads\/2020\/05\/Bandeau-paiement-mobile-site.png\" alt=\"\" width=\"728\" height=\"90\"\/><\/div>\n<p>Auteur: BM. Sidwaya<br \/>\n<a href=\"https:\/\/www.sidwaya.info\/blog\/2020\/07\/05\/election-presidentielle-2020-des-mouvements-associatifs-font-bloc-derriere-roch-kabore\/\">Cliquez ici pour lire l&rsquo;article depuis sa source.<\/a><\/p>\n","protected":false},"excerpt":{"rendered":"<p>Les mouvements et associations de la r\u00e9gion du Centre, proches du Mouvement du peuple pour le progr\u00e8s (MPP) ont organis\u00e9, le samedi 4 juillet 2020, \u00e0 Ouagadougou, une assembl\u00e9e g\u00e9n\u00e9rale de soutien \u00e0 la candidature de Roch Marc Christian Kabor\u00e9 \u00e0 la pr\u00e9sidentielle du 22 novembre prochain. Roch Marc Christian Kabor\u00e9 peut compter sur les [&hellip;]<\/p>\n","protected":false},"author":1816,"featured_media":91323,"comment_status":"closed","ping_status":"closed","sticky":false,"template":"","format":"standard","meta":{"fifu_image_url":"","fifu_image_alt":"","footnotes":""},"categories":[73,81],"tags":[],"class_list":["post-91322","post","type-post","status-publish","format-standard","has-post-thumbnail","hentry","category-actualite","category-burkina-faso"],"_links":{"self":[{"href":"https:\/\/linitiative.ca\/International\/wp-json\/wp\/v2\/posts\/91322","targetHints":{"allow":["GET"]}}],"collection":[{"href":"https:\/\/linitiative.ca\/International\/wp-json\/wp\/v2\/posts"}],"about":[{"href":"https:\/\/linitiative.ca\/International\/wp-json\/wp\/v2\/types\/post"}],"author":[{"embeddable":true,"href":"https:\/\/linitiative.ca\/International\/wp-json\/wp\/v2\/users\/1816"}],"replies":[{"embeddable":true,"href":"https:\/\/linitiative.ca\/International\/wp-json\/wp\/v2\/comments?post=91322"}],"version-history":[{"count":0,"href":"https:\/\/linitiative.ca\/International\/wp-json\/wp\/v2\/posts\/91322\/revisions"}],"wp:featuredmedia":[{"embeddable":true,"href":"https:\/\/linitiative.ca\/International\/wp-json\/"}],"wp:attachment":[{"href":"https:\/\/linitiative.ca\/International\/wp-json\/wp\/v2\/media?parent=91322"}],"wp:term":[{"taxonomy":"category","embeddable":true,"href":"https:\/\/linitiative.ca\/International\/wp-json\/wp\/v2\/categories?post=91322"},{"taxonomy":"post_tag","embeddable":true,"href":"https:\/\/linitiative.ca\/International\/wp-json\/wp\/v2\/tags?post=91322"}],"curies":[{"name":"wp","href":"https:\/\/api.w.org\/{rel}","templated":true}]}}