{"id":91325,"date":"2020-07-05T17:09:51","date_gmt":"2020-07-05T21:09:51","guid":{"rendered":"https:\/\/linitiative.ca\/International\/modernisation-des-industries-nationalesle-premier-ministre-a-la-minofa-et-a-la-sn-sosuco\/"},"modified":"2020-07-05T17:09:51","modified_gmt":"2020-07-05T21:09:51","slug":"modernisation-des-industries-nationalesle-premier-ministre-a-la-minofa-et-a-la-sn-sosuco","status":"publish","type":"post","link":"https:\/\/linitiative.ca\/International\/modernisation-des-industries-nationalesle-premier-ministre-a-la-minofa-et-a-la-sn-sosuco\/","title":{"rendered":"Modernisation des industries nationales:le Premier ministre \u00e0 la MINOFA  et \u00e0 la SN-SOSUCO"},"content":{"rendered":"<div class=\"td-post-featured-image\"><a href=\"https:\/\/www.sidwaya.info\/wp-content\/uploads\/2020\/07\/pmindustrie.jpg\" data-caption=\"\"><img loading=\"lazy\" decoding=\"async\" width=\"696\" height=\"465\" class=\"entry-thumb td-modal-image\" src=\"https:\/\/www.sidwaya.info\/wp-content\/uploads\/2020\/07\/pmindustrie-696x465.jpg\" srcset=\"https:\/\/www.sidwaya.info\/wp-content\/uploads\/2020\/07\/pmindustrie-696x465.jpg 696w, https:\/\/www.sidwaya.info\/wp-content\/uploads\/2020\/07\/pmindustrie-300x200.jpg 300w, https:\/\/www.sidwaya.info\/wp-content\/uploads\/2020\/07\/pmindustrie-768x513.jpg 768w, https:\/\/www.sidwaya.info\/wp-content\/uploads\/2020\/07\/pmindustrie-629x420.jpg 629w, https:\/\/www.sidwaya.info\/wp-content\/uploads\/2020\/07\/pmindustrie.jpg 779w\" sizes=\"auto, (max-width: 696px) 100vw, 696px\" alt=\"\" title=\"pmindustrie\"\/><\/a><\/div>\n<p><strong>Le Premier ministre, Christophe Joseph Marie Dabir\u00e9, a visit\u00e9 le vendredi 3 juillet 2020, \u00e0 Banfora, la Minoterie du Faso (MINOFA) et la nouvelle Soci\u00e9t\u00e9 sucri\u00e8re du Faso (SN-SOSUCO).<\/strong><\/p>\n<p>La modernisation des unit\u00e9s industrielles du Burkina Faso pr\u00e9occupe le gouvernement. En visite dans la r\u00e9gion des Cascades, dans le cadre des pr\u00e9paratifs des festivit\u00e9s du 11-D\u00e9cembre, le Premier ministre, Christophe Joseph Marie Dabir\u00e9, a mis \u00e0 profit son s\u00e9jour, le vendredi 3 juillet 2020, pour toucher du doigt les r\u00e9alit\u00e9s des usines implant\u00e9es \u00e0 Banfora. Ainsi, accompagn\u00e9 de sa d\u00e9l\u00e9gation, il a parcouru les cha\u00eenes cl\u00e9s de productions de la Minoterie du Faso (MINOFA) et de la Nouvelle Soci\u00e9t\u00e9 sucri\u00e8re du Faso (SN-SOSUCO). A l\u2019issue de sa visite, le chef du gouvernement a expliqu\u00e9 l\u2019engagement du pr\u00e9sident du Faso, Roch Marc Christian Kabor\u00e9 pour une modernisation des industries nationales. \u00ab C\u2019est l\u2019int\u00e9r\u00eat qu\u2019il accorde \u00e0 nos unit\u00e9s industrielles qui justifie notre pr\u00e9sence dans ces deux usines et nous ne pouvons pas en tant qu\u2019autorit\u00e9 venir \u00e0 Banfora sans visiter les fleurons de notre \u00e9conomie\u00bb, a-t-il relev\u00e9. Selon les statistiques, la SN-SOSUCO emploie, en saison pleine, plus de 3 000 personnes. Pour le Premier ministre, cet indicateur est la preuve de l\u2019utilit\u00e9 de l\u2019usine, car le souhait du gouvernement est que le secteur priv\u00e9 puisse contribuer \u00e0 la cr\u00e9ation de richesses et \u00e0 l\u2019absorption du ch\u00f4mage au Burkina. A ce propos, le directeur g\u00e9n\u00e9ral de la SN-SOSUCO, Moctar Kon\u00e9, a expliqu\u00e9 \u00e0 la d\u00e9l\u00e9gation gouvernementale que son unit\u00e9 produit en moyenne 30 000 tonnes de sucre par jour.<\/p>\n<p>Des efforts pour sauver le secteur<\/p>\n<div class=\"td-a-rec td-a-rec-id-content_inline tdi_30_480 td_block_template_1\"><img loading=\"lazy\" decoding=\"async\" class=\"aligncenter size-full wp-image-21314\" src=\"https:\/\/www.sidwaya.info\/wp-content\/uploads\/2020\/04\/Bandeau-Covid-19-Sidwaya-1.jpg\" alt=\"\" width=\"790\" height=\"98\"\/><\/div>\n<p>\u00ab Depuis ces derni\u00e8res ann\u00e9es, nous avons fait des investissements importants au niveau de l\u2019usine et des champs de canne \u00e0 sucre, preuve que nous avons une ma\u00eetrise technique \u00bb, s\u2019est-il r\u00e9joui. Cependant M. Kon\u00e9 a relev\u00e9 des difficult\u00e9s auxquelles la \u00ab nationale du sucre \u00bb est confront\u00e9e. Il s\u2019agit essentiellement des questions de commercialisation. De l\u2019avis du DG, certaines pr\u00e9occupations avec les partenaires, que sont les grossistes, sont en train d\u2019\u00eatre r\u00e9solues gr\u00e2ce au concours de leur minist\u00e8re de tutelle. Toutefois, M. Kon\u00e9 a regrett\u00e9 la persistance de la fraude, un ph\u00e9nom\u00e8ne \u00e0 combattre afin que les unit\u00e9s industrielles nationales puissent \u00ab respirer \u00bb. De son c\u00f4t\u00e9, le DG de la MINOFA (ex Grands moulins du Burkina), Madani Barry, s\u2019est r\u00e9joui du fait que le gouvernement ait permis la relance de l\u2019industrie de production de farine. Il a expliqu\u00e9 que l\u2019usine n\u2019a pas encore atteint sa vitesse de croisi\u00e8re, car elle n\u2019exploite que 10 \u00e0 15 % de sa capacit\u00e9 de production de farine de bl\u00e9, \u00e0 savoir 150 tonnes de farine par jour. En plus, le DG Barry a relev\u00e9 que l\u2019usine dispose de deux moulins, \u00e0 savoir le moulin de bl\u00e9 et celui du ma\u00efs. Mais pour l\u2019heure, a-t-il pr\u00e9cis\u00e9, seulement le moulin de bl\u00e9 fonctionne alors que si le moulin de ma\u00efs venait \u00e0 \u00eatre op\u00e9rationnel, la MINOFA pourrait mettre \u00e0 la disposition des m\u00e9nages et des structures publiques et priv\u00e9es 120 tonnes de farine de ma\u00efs par jour. Pour ce faire, le DG de MINOFA a plaid\u00e9 aupr\u00e8s de la d\u00e9l\u00e9gation gouvernementale, pour plus de moyens pour combler sa situation d\u00e9ficitaire relev\u00e9e au cours de la derni\u00e8re assembl\u00e9e g\u00e9n\u00e9rale des Soci\u00e9t\u00e9s d\u2019Etat.<br \/>Le cri du c\u0153ur des deux responsables des industries de la \u00ab Cit\u00e9 du paysan noir \u00bb ont eu un \u00e9cho favorable.<br \/>\u00ab Nous avons pris l\u2019engagement de faire en sorte que l\u2019unit\u00e9 qui produit de la farine puisse red\u00e9marrer dans de bonnes conditions. Pour la SOSUCO, nous allons faire en sorte que les efforts fournis par le ministre en charge des industries se concr\u00e9tisent dans le domaine de la reprise en main des stocks de sorte \u00e0 \u00e9viter des invendus sur le march\u00e9 \u00bb, a rassur\u00e9 le chef du gouvernement.<\/p>\n<p>Abdoulaye BALBONE<\/p>\n<div class=\"td-a-rec td-a-rec-id-content_bottom tdi_31_b54 td_block_template_1\"><img loading=\"lazy\" decoding=\"async\" class=\"aligncenter size-full wp-image-22415\" src=\"https:\/\/www.sidwaya.info\/wp-content\/uploads\/2020\/05\/Bandeau-paiement-mobile-site.png\" alt=\"\" width=\"728\" height=\"90\"\/><\/div>\n<p>Auteur: BM. Sidwaya<br \/>\n<a href=\"https:\/\/www.sidwaya.info\/blog\/2020\/07\/05\/modernisation-des-industries-nationalesle-premier-ministre-a-la-minofa-et-a-la-sn-sosuco\/\">Cliquez ici pour lire l&rsquo;article depuis sa source.<\/a><\/p>\n","protected":false},"excerpt":{"rendered":"<p>Le Premier ministre, Christophe Joseph Marie Dabir\u00e9, a visit\u00e9 le vendredi 3 juillet 2020, \u00e0 Banfora, la Minoterie du Faso (MINOFA) et la nouvelle Soci\u00e9t\u00e9 sucri\u00e8re du Faso (SN-SOSUCO). La modernisation des unit\u00e9s industrielles du Burkina Faso pr\u00e9occupe le gouvernement. En visite dans la r\u00e9gion des Cascades, dans le cadre des pr\u00e9paratifs des festivit\u00e9s du [&hellip;]<\/p>\n","protected":false},"author":1816,"featured_media":91326,"comment_status":"closed","ping_status":"closed","sticky":false,"template":"","format":"standard","meta":{"fifu_image_url":"","fifu_image_alt":"","footnotes":""},"categories":[73,81],"tags":[],"class_list":["post-91325","post","type-post","status-publish","format-standard","has-post-thumbnail","hentry","category-actualite","category-burkina-faso"],"_links":{"self":[{"href":"https:\/\/linitiative.ca\/International\/wp-json\/wp\/v2\/posts\/91325","targetHints":{"allow":["GET"]}}],"collection":[{"href":"https:\/\/linitiative.ca\/International\/wp-json\/wp\/v2\/posts"}],"about":[{"href":"https:\/\/linitiative.ca\/International\/wp-json\/wp\/v2\/types\/post"}],"author":[{"embeddable":true,"href":"https:\/\/linitiative.ca\/International\/wp-json\/wp\/v2\/users\/1816"}],"replies":[{"embeddable":true,"href":"https:\/\/linitiative.ca\/International\/wp-json\/wp\/v2\/comments?post=91325"}],"version-history":[{"count":0,"href":"https:\/\/linitiative.ca\/International\/wp-json\/wp\/v2\/posts\/91325\/revisions"}],"wp:featuredmedia":[{"embeddable":true,"href":"https:\/\/linitiative.ca\/International\/wp-json\/"}],"wp:attachment":[{"href":"https:\/\/linitiative.ca\/International\/wp-json\/wp\/v2\/media?parent=91325"}],"wp:term":[{"taxonomy":"category","embeddable":true,"href":"https:\/\/linitiative.ca\/International\/wp-json\/wp\/v2\/categories?post=91325"},{"taxonomy":"post_tag","embeddable":true,"href":"https:\/\/linitiative.ca\/International\/wp-json\/wp\/v2\/tags?post=91325"}],"curies":[{"name":"wp","href":"https:\/\/api.w.org\/{rel}","templated":true}]}}