{"id":91329,"date":"2020-07-05T09:18:04","date_gmt":"2020-07-05T13:18:04","guid":{"rendered":"https:\/\/linitiative.ca\/International\/cote-divoire-transport-aerien-mise-en-place-dun-nouveau-systeme-obligatoire-de-declaration-des-voyageurs\/"},"modified":"2020-07-05T09:18:04","modified_gmt":"2020-07-05T13:18:04","slug":"cote-divoire-transport-aerien-mise-en-place-dun-nouveau-systeme-obligatoire-de-declaration-des-voyageurs","status":"publish","type":"post","link":"https:\/\/linitiative.ca\/International\/cote-divoire-transport-aerien-mise-en-place-dun-nouveau-systeme-obligatoire-de-declaration-des-voyageurs\/","title":{"rendered":"C\u00f4te d\u2019Ivoire\/Transport a\u00e9rien : mise en place d\u2019un nouveau syst\u00e8me obligatoire de d\u00e9claration des voyageurs"},"content":{"rendered":"<div readability=\"32\">\n<p>Publi\u00e9 le 05.07.2020 \u00e0 14h18 par APA News<\/p>\n<\/div>\n<div readability=\"50\">\n<p>Le minist\u00e8re ivoirien des transports a annonc\u00e9 dans un communiqu\u00e9 transmis samedi \u00e0 APA, la mise en place d\u2019un nouveau syst\u00e8me de de d\u00e9claration \u00ab obligatoires\u00bb des voyageurs du transport a\u00e9rien pour tous les vols.\u00ab Les voyageurs au d\u00e9part, \u00e0 l\u2019arriv\u00e9e et en transit en C\u00f4te d\u2019Ivoire seront d\u00e9sormais soumis en plus des mesures sanitaires li\u00e9es \u00e0 la Covid-19, au renseignement d\u2019un formulaire de d\u00e9claration de d\u00e9placement par voie a\u00e9rienne (DDVA). Ce formulaire est disponible en ligne via l\u2019adresse: deplacement-aerien.gouv.ci\u00bb, indique dans ce communiqu\u00e9 le ministre Amadou Kon\u00e9.<\/p>\n<p>\u00a0Soulignant le caract\u00e8re obligatoire de ce document qui est subordonn\u00e9 \u00e0 l\u2019embarquement et au d\u00e9barquement des a\u00e9ronefs, M. Kon\u00e9 \u00a0invite les voyageurs \u00e0 se conformer \u00e0 ces dispositions \u00ab afin de permettre des vols en toute s\u00e9curit\u00e9 en cette p\u00e9riode de crise sanitaire\u00bb.<\/p>\n<p>\u00a0Le Conseil national de s\u00e9curit\u00e9 de C\u00f4te d\u2019Ivoire a annonc\u00e9 le 25 juin dernier, \u00a0la reprise des vols internationaux \u00e0 partir du 1er juillet 2020 suivant le strict respect des protocoles sanitaires li\u00e9s \u00e0 la Covid-19. Quant aux vols domestiques, ils ont repris depuis le 26 juin dernier.<\/p>\n<\/div>\n<p>Auteur: APA News<br \/>\n<a href=\"https:\/\/www.journalducameroun.com\/cote-divoire-transport-aerien-mise-en-place-dun-nouveau-systeme-obligatoire-de-declaration-des-voyageurs\/\">Cliquez ici pour lire l&rsquo;article depuis sa source.<\/a><\/p>\n","protected":false},"excerpt":{"rendered":"<p>Publi\u00e9 le 05.07.2020 \u00e0 14h18 par APA News Le minist\u00e8re ivoirien des transports a annonc\u00e9 dans un communiqu\u00e9 transmis samedi \u00e0 APA, la mise en place d\u2019un nouveau syst\u00e8me de de d\u00e9claration \u00ab obligatoires\u00bb des voyageurs du transport a\u00e9rien pour tous les vols.\u00ab Les voyageurs au d\u00e9part, \u00e0 l\u2019arriv\u00e9e et en transit en C\u00f4te d\u2019Ivoire [&hellip;]<\/p>\n","protected":false},"author":1965,"featured_media":0,"comment_status":"closed","ping_status":"closed","sticky":false,"template":"","format":"standard","meta":{"fifu_image_url":"","fifu_image_alt":"","footnotes":""},"categories":[73,82],"tags":[],"class_list":["post-91329","post","type-post","status-publish","format-standard","hentry","category-actualite","category-cameroun"],"_links":{"self":[{"href":"https:\/\/linitiative.ca\/International\/wp-json\/wp\/v2\/posts\/91329","targetHints":{"allow":["GET"]}}],"collection":[{"href":"https:\/\/linitiative.ca\/International\/wp-json\/wp\/v2\/posts"}],"about":[{"href":"https:\/\/linitiative.ca\/International\/wp-json\/wp\/v2\/types\/post"}],"author":[{"embeddable":true,"href":"https:\/\/linitiative.ca\/International\/wp-json\/wp\/v2\/users\/1965"}],"replies":[{"embeddable":true,"href":"https:\/\/linitiative.ca\/International\/wp-json\/wp\/v2\/comments?post=91329"}],"version-history":[{"count":0,"href":"https:\/\/linitiative.ca\/International\/wp-json\/wp\/v2\/posts\/91329\/revisions"}],"wp:attachment":[{"href":"https:\/\/linitiative.ca\/International\/wp-json\/wp\/v2\/media?parent=91329"}],"wp:term":[{"taxonomy":"category","embeddable":true,"href":"https:\/\/linitiative.ca\/International\/wp-json\/wp\/v2\/categories?post=91329"},{"taxonomy":"post_tag","embeddable":true,"href":"https:\/\/linitiative.ca\/International\/wp-json\/wp\/v2\/tags?post=91329"}],"curies":[{"name":"wp","href":"https:\/\/api.w.org\/{rel}","templated":true}]}}