{"id":91330,"date":"2020-07-05T09:39:30","date_gmt":"2020-07-05T13:39:30","guid":{"rendered":"https:\/\/linitiative.ca\/International\/cameroun-500-soldats-mobilises-pendant-7-jours-pour-traquer-les-separatistes-dans-le-nord-ouest\/"},"modified":"2020-07-05T09:39:30","modified_gmt":"2020-07-05T13:39:30","slug":"cameroun-500-soldats-mobilises-pendant-7-jours-pour-traquer-les-separatistes-dans-le-nord-ouest","status":"publish","type":"post","link":"https:\/\/linitiative.ca\/International\/cameroun-500-soldats-mobilises-pendant-7-jours-pour-traquer-les-separatistes-dans-le-nord-ouest\/","title":{"rendered":"Cameroun : 500 soldats mobilis\u00e9s pendant 7 jours pour traquer les s\u00e9paratistes dans le Nord-ouest"},"content":{"rendered":"<div readability=\"32\">\n<p>Publi\u00e9 le 05.07.2020 \u00e0 14h39 par Journalducameroun.com<\/p>\n<\/div>\n<div readability=\"84\">\n<h2>17 combattants s\u00e9paratistes tu\u00e9s et 1 mort cot\u00e9 arm\u00e9e dans cette op\u00e9ration baptis\u00e9e \u00ab\u00a0NgokeBui\u00a0\u00bb.<\/h2>\n<p class=\"c6\">Voici le rapport que fait \u00a0le <strong>colonel Charles Alain Matiang<\/strong> au <strong>G\u00e9n\u00e9ral Val\u00e8re Nka<\/strong> le 4 juillet \u00e0 Kumbo\u00a0: <em>\u00ab\u00a0Pendant 7 jours, nous avons pu traiter beaucoup d\u2019objectifs, dans d\u00e9partement du Ngoketunjia en particulier les camps Ambazoniens de Baba I, Wasin et Bamungo. Dans de d\u00e9partement du Bui, nous avons trait\u00e9 les camps d\u2019Ebal, Verkei, Ngebsiba et Oku \u00e0 Ndum, Njikijem, Elak, Njotim, Tadu, Bim, Kumbo central et d\u2019autres zones voisines. \u00c9tant donn\u00e9 les fortes pluies qui s\u2019y sont abattues, cela a \u00e9t\u00e9 tr\u00e8s difficile pour nous et cela a permis aux Ambazoniens de remarquer notre pr\u00e9sence et de s\u2019\u00e9chapper avant m\u00eame que nous n\u2019arrivions \u00e0 leurs camps. Nous avons \u00e9galement rencontr\u00e9 quelques r\u00e9sistants, ce qui a entra\u00een\u00e9 la mort de 17 combattants s\u00e9paratistes, dont beaucoup ont \u00e9t\u00e9 bless\u00e9s. De notre c\u00f4t\u00e9, nous avons perdu un de nos soldats et trois d\u2019entre eux ont \u00e9t\u00e9 l\u00e9g\u00e8rement bless\u00e9s\u00a0\u00bb<\/em>. Le colonel Charles Alain Matiang commande la 51<sup>\u00e8me<\/sup> Brigade d\u2019infanterie motoris\u00e9e bas\u00e9e dans la r\u00e9gion du Nord-ouest.<\/p>\n<p class=\"c6\">Le G\u00e9n\u00e9ral Val\u00e8re Nka, commandant la 5<sup>\u00e8me<\/sup> r\u00e9gion militaire interarm\u00e9es, a saisi cette occasion pour rappeler que des op\u00e9rations similaires sont d\u00e9roul\u00e9es dans les localit\u00e9s de Tabah, Andek, Widikum, Bali et Widi-Bali.<\/p>\n<p class=\"c6\"><em>\u00ab\u00a0Ceux que nous appelons Ambazoniens sont nos enfants, a rappel\u00e9 le G\u00e9n\u00e9ral. Le chef de l\u2019\u00c9tat, qui est le chef des forces arm\u00e9es, a prescrit que ceux qui abandonnent volontairement leurs armes, ils seront pardonn\u00e9s et dirig\u00e9s vers le centre de d\u00e9sarmement et de r\u00e9insertion. Donc je les invite \u00e0 d\u00e9poser les armes. Mais ceux qui continueront \u00e0 monter des barricades, \u00e0 kidnapper et \u00e0 tuer des gens, nous continuerons notre travail pour les arr\u00eater\u00a0\u00bb<\/em>, a-t-il fait savoir.<\/p>\n<p class=\"c6\">De son c\u00f4t\u00e9, le <strong>G\u00e9n\u00e9ral Divine Ekongwese<\/strong> \u00a0qui commande la 5<sup>\u00e8me<\/sup> r\u00e9gion de gendarmerie a expliqu\u00e9\u00a0: <em>\u00ab\u00a0notre mission n\u2019est pas de massacrer nos enfants, mais une chose doit \u00eatre claire, nous ne pouvons pas regarder nos enfants tuer leurs parents, leurs fr\u00e8res et s\u0153urs. Il en est ainsi depuis pr\u00e8s de 4 ans maintenant, que sortons-nous. (\u2026) \u00a0Aujourd\u2019hui, le monde change et le <strong>Cameroun<\/strong> doit changer, ils doivent sortir positivement et rejoindre le processus de d\u00e9veloppement\u00a0\u00bb.<\/em><\/p>\n<\/div>\n<p>Auteur: Ludovic Amara<br \/>\n<a href=\"https:\/\/www.journalducameroun.com\/cameroun-500-soldats-mobilises-pendant-7-jours-pour-traquer-les-separatistes-dans-le-nord-ouest-cameroun\/\">Cliquez ici pour lire l&rsquo;article depuis sa source.<\/a><\/p>\n","protected":false},"excerpt":{"rendered":"<p>Publi\u00e9 le 05.07.2020 \u00e0 14h39 par Journalducameroun.com 17 combattants s\u00e9paratistes tu\u00e9s et 1 mort cot\u00e9 arm\u00e9e dans cette op\u00e9ration baptis\u00e9e \u00ab\u00a0NgokeBui\u00a0\u00bb. Voici le rapport que fait \u00a0le colonel Charles Alain Matiang au G\u00e9n\u00e9ral Val\u00e8re Nka le 4 juillet \u00e0 Kumbo\u00a0: \u00ab\u00a0Pendant 7 jours, nous avons pu traiter beaucoup d\u2019objectifs, dans d\u00e9partement du Ngoketunjia en particulier [&hellip;]<\/p>\n","protected":false},"author":1965,"featured_media":0,"comment_status":"closed","ping_status":"closed","sticky":false,"template":"","format":"standard","meta":{"fifu_image_url":"","fifu_image_alt":"","footnotes":""},"categories":[73,82],"tags":[],"class_list":["post-91330","post","type-post","status-publish","format-standard","hentry","category-actualite","category-cameroun"],"_links":{"self":[{"href":"https:\/\/linitiative.ca\/International\/wp-json\/wp\/v2\/posts\/91330","targetHints":{"allow":["GET"]}}],"collection":[{"href":"https:\/\/linitiative.ca\/International\/wp-json\/wp\/v2\/posts"}],"about":[{"href":"https:\/\/linitiative.ca\/International\/wp-json\/wp\/v2\/types\/post"}],"author":[{"embeddable":true,"href":"https:\/\/linitiative.ca\/International\/wp-json\/wp\/v2\/users\/1965"}],"replies":[{"embeddable":true,"href":"https:\/\/linitiative.ca\/International\/wp-json\/wp\/v2\/comments?post=91330"}],"version-history":[{"count":0,"href":"https:\/\/linitiative.ca\/International\/wp-json\/wp\/v2\/posts\/91330\/revisions"}],"wp:attachment":[{"href":"https:\/\/linitiative.ca\/International\/wp-json\/wp\/v2\/media?parent=91330"}],"wp:term":[{"taxonomy":"category","embeddable":true,"href":"https:\/\/linitiative.ca\/International\/wp-json\/wp\/v2\/categories?post=91330"},{"taxonomy":"post_tag","embeddable":true,"href":"https:\/\/linitiative.ca\/International\/wp-json\/wp\/v2\/tags?post=91330"}],"curies":[{"name":"wp","href":"https:\/\/api.w.org\/{rel}","templated":true}]}}