{"id":91343,"date":"2020-07-06T11:30:39","date_gmt":"2020-07-06T15:30:39","guid":{"rendered":"https:\/\/linitiative.ca\/International\/exposition-collective-chez-latelier-21\/"},"modified":"2020-07-06T11:30:39","modified_gmt":"2020-07-06T15:30:39","slug":"exposition-collective-chez-latelier-21","status":"publish","type":"post","link":"https:\/\/linitiative.ca\/International\/exposition-collective-chez-latelier-21\/","title":{"rendered":"Exposition collective chez L\u2019Atelier 21"},"content":{"rendered":"<header>\n<div class=\"entry-post-meta\">\n<div class=\"author-link\">Publi\u00e9 par <a itemprop=\"author\" itemscope=\"\" itemtype=\"https:\/\/schema.org\/Person\" href=\"https:\/\/aujourdhui.ma\/author\/blio\" rel=\"author\"><span itemprop=\"name\">ALM<\/span><\/a><\/div>\n<p>Date\u00a0:<time content=\"2020-07-06T16:30:39+01:00\" class=\"entry-date updated\" datetime=\"2020-07-06T16:30:39+01:00\">juillet 06, 2020<\/time><\/p>\n<div class=\"entry-cat\">dans:<a href=\"https:\/\/aujourdhui.ma\/category\/culture\" rel=\"category tag\">Culture<\/a><\/div>\n<p>3Vues<\/p>\n<\/div>\n<\/header>\n<div class=\"entry-content clearfix\" readability=\"47\"><img decoding=\"async\" class=\"post_layout_5_img\" src=\"http:\/\/aujourdhui.ma\/wp-content\/uploads\/2020\/07\/Exposition-collective-chez-L\u2019Atelier-21.jpg\" alt=\"Exposition collective chez L&#x2019;Atelier 21\"\/><\/p>\n<p><span class=\"c5\"><strong>La galerie d\u2019art, L\u2019Atelier 21, organisera du 14 juillet au 15 ao\u00fbt, une exposition collective intitul\u00e9e \u00abL\u2019art pour l\u2019espoir\u00bb.<\/strong><\/span><span id=\"more-349775\"\/><\/p>\n<p>Ce sont 27 artistes-peintres qui y participeront, selon la galerie qui donne un avant-go\u00fbt de leurs \u0153uvres. Entre autres, Majida Khattari exposera sa toile appel\u00e9e \u00abBaiser confin\u00e9\u00bb et compos\u00e9e de 56 baisers. De son c\u00f4t\u00e9, Fouad Bellamine y d\u00e9voilera \u00abL\u2019atelier\u00bb. \u00abUne \u0153uvre charni\u00e8re, transitionnelle, qui a \u00e9t\u00e9 m\u00e9tamorphos\u00e9e par ce confinement en lieu de m\u00e9ditation\u00bb, ajoute la m\u00eame source.<\/p>\n<\/div>\n<p>Auteur: ALM<br \/>\n<a href=\"https:\/\/aujourdhui.ma\/culture\/exposition-collective-chez-latelier-21\">Cliquez ici pour lire l&rsquo;article depuis sa source.<\/a><\/p>\n","protected":false},"excerpt":{"rendered":"<p>Publi\u00e9 par ALM Date\u00a0:juillet 06, 2020 dans:Culture 3Vues La galerie d\u2019art, L\u2019Atelier 21, organisera du 14 juillet au 15 ao\u00fbt, une exposition collective intitul\u00e9e \u00abL\u2019art pour l\u2019espoir\u00bb. Ce sont 27 artistes-peintres qui y participeront, selon la galerie qui donne un avant-go\u00fbt de leurs \u0153uvres. Entre autres, Majida Khattari exposera sa toile appel\u00e9e \u00abBaiser confin\u00e9\u00bb et [&hellip;]<\/p>\n","protected":false},"author":1759,"featured_media":91344,"comment_status":"closed","ping_status":"closed","sticky":false,"template":"","format":"standard","meta":{"fifu_image_url":"","fifu_image_alt":"","footnotes":""},"categories":[73,54],"tags":[],"class_list":["post-91343","post","type-post","status-publish","format-standard","has-post-thumbnail","hentry","category-actualite","category-maroc"],"_links":{"self":[{"href":"https:\/\/linitiative.ca\/International\/wp-json\/wp\/v2\/posts\/91343","targetHints":{"allow":["GET"]}}],"collection":[{"href":"https:\/\/linitiative.ca\/International\/wp-json\/wp\/v2\/posts"}],"about":[{"href":"https:\/\/linitiative.ca\/International\/wp-json\/wp\/v2\/types\/post"}],"author":[{"embeddable":true,"href":"https:\/\/linitiative.ca\/International\/wp-json\/wp\/v2\/users\/1759"}],"replies":[{"embeddable":true,"href":"https:\/\/linitiative.ca\/International\/wp-json\/wp\/v2\/comments?post=91343"}],"version-history":[{"count":0,"href":"https:\/\/linitiative.ca\/International\/wp-json\/wp\/v2\/posts\/91343\/revisions"}],"wp:featuredmedia":[{"embeddable":true,"href":"https:\/\/linitiative.ca\/International\/wp-json\/"}],"wp:attachment":[{"href":"https:\/\/linitiative.ca\/International\/wp-json\/wp\/v2\/media?parent=91343"}],"wp:term":[{"taxonomy":"category","embeddable":true,"href":"https:\/\/linitiative.ca\/International\/wp-json\/wp\/v2\/categories?post=91343"},{"taxonomy":"post_tag","embeddable":true,"href":"https:\/\/linitiative.ca\/International\/wp-json\/wp\/v2\/tags?post=91343"}],"curies":[{"name":"wp","href":"https:\/\/api.w.org\/{rel}","templated":true}]}}