{"id":91347,"date":"2020-07-06T09:44:06","date_gmt":"2020-07-06T13:44:06","guid":{"rendered":"https:\/\/linitiative.ca\/International\/%ef%bb%bfle-hcp-prevoit-un-repli-de-lactivite-economique-de-46\/"},"modified":"2020-07-06T09:44:06","modified_gmt":"2020-07-06T13:44:06","slug":"%ef%bb%bfle-hcp-prevoit-un-repli-de-lactivite-economique-de-46","status":"publish","type":"post","link":"https:\/\/linitiative.ca\/International\/%ef%bb%bfle-hcp-prevoit-un-repli-de-lactivite-economique-de-46\/","title":{"rendered":"\ufeffLe HCP pr\u00e9voit un repli de l\u2019activit\u00e9 \u00e9conomique de 4,6%"},"content":{"rendered":"<p class=\"has-text-color has-vivid-red-color c2\"><strong>Au troisi\u00e8me trimestre<\/strong><\/p>\n<p class=\"has-text-color has-vivid-cyan-blue-color\"><strong>L\u2019activit\u00e9 \u00e9conomique enregistrerait au cours du troisi\u00e8me trimestre de 2020 une baisse de 4,6%, en variation annuelle, au lieu d\u2019une hausse de 2,4% la m\u00eame p\u00e9riode de l\u2019ann\u00e9e \u00e9coul\u00e9e, selon le Haut-Commissariat au Plan (HCP).<\/strong><\/p>\n<p>Ce repli serait d\u00fb \u00e0 une diminution de la valeur ajout\u00e9e activit\u00e9s hors agriculture de 4,1% et de celle des activit\u00e9s agricoles de 5,9%, pr\u00e9cise le HCP dans son r\u00e9cent point de conjoncture. \u00ab\u00a0Sous l\u2019effet d\u2019un d\u00e9confinement progressif, d\u2019une r\u00e9ouverture des fronti\u00e8res et d\u2019une reprise des activit\u00e9s de transport et du commerce, la croissance et les \u00e9changes mondiaux devraient se redresser l\u00e9g\u00e8rement au troisi\u00e8me trimestre 2020, bien que se situant toujours en dessous de leur tendance d\u2019avant crise.<\/p>\n<p>Dans ce contexte, la demande \u00e9trang\u00e8re adress\u00e9e au Maroc s\u2019am\u00e9liorerait de 3% par rapport au deuxi\u00e8me trimestre 2020, mais sa baisse, en variation annuelle, se situerait \u00e0 -15,6%\u00a0\u00bb, rel\u00e8ve la m\u00eame source. Les pressions inflationnistes devraient rester, quant \u00e0 elle, contenues et seraient tributaires de l\u2019\u00e9volution des cours internationaux des produits \u00e9nerg\u00e9tiques et alimentaires dans un contexte de poursuite de la situation exc\u00e9dentaire de l\u2019offre par rapport \u00e0 la demande mondiale, fait savoir le HCP, notant que la demande int\u00e9rieure se redresserait, pour sa part, mod\u00e9r\u00e9ment et lentement, tandis que la baisse de la consommation des m\u00e9nages s\u2019att\u00e9nuerait pour atteindre -4,6%, dans le sillage d\u2019une reprise des d\u00e9penses notamment en biens manufactur\u00e9s.<\/p>\n<p>S\u2019agissant de la consommation publique, elle poursuivrait sa tendance haussi\u00e8re au rythme de 6%, en variation annuelle, port\u00e9e par la dynamique des d\u00e9penses particuli\u00e8rement sociales, alors que l\u2019investissement resterait globalement atone et sa reprise tarderait \u00e0 se r\u00e9aliser au T3-2020.<\/p>\n<p>Dans le secteur secondaire, la baisse de l\u2019activit\u00e9 atteindrait \u20135,8%. La contraction de la valeur ajout\u00e9e industrielle s\u2019att\u00e9nuerait avec la reprise des industries adress\u00e9es au march\u00e9 local, mais les perspectives du faible redressement de la demande \u00e9trang\u00e8re continueraient de peser sur les industries orient\u00e9es vers l\u2019export, notamment les Industries m\u00e9tallurgiques, m\u00e9caniques et \u00e9lectrom\u00e9caniques (IMME). De m\u00eame, la consommation en \u00e9nergie \u00e9lectrique se redresserait, \u00e9galement, dans le sillage du r\u00e9tablissement graduel des activit\u00e9s industrielles et de transport ferroviaire.<\/p>\n<p>Dans les mines, le recul de la consommation agricole mondiale devrait brider la dynamique de la demande internationale de fertilisants, dans un contexte de faible performance \u00e9conomique mondiale. La production des minerais non-m\u00e9talliques s\u2019ajusterait \u00e0 une demande ext\u00e9rieure moins vigoureuse, entra\u00eenant dans son sillage un ralentissement de la croissance de la valeur ajout\u00e9e mini\u00e8re \u00e0 +0,1%, au 3\u00e8me trimestre 2020.<\/p>\n<p>Concernant l\u2019activit\u00e9 du secteur tertiaire, elle serait port\u00e9e par la dynamique des secteurs de la communication et des services non marchands, et dans une moindre mesure par la reprise des activit\u00e9s du commerce et du transport, alors qu\u2019elle resterait peu dynamique dans les services \u00e9v\u00e8nementiels et dans l\u2019h\u00e9bergement. Dans l\u2019ensemble, la valeur ajout\u00e9e du secteur tertiaire fl\u00e9chirait de 1,6%, en variation annuelle, au lieu d\u2019une hausse de 3,8% la m\u00eame p\u00e9riode de l\u2019ann\u00e9e pr\u00e9c\u00e9dente.<\/p>\n<p>Par ailleurs, le HCP indique que la diminution de la valeur ajout\u00e9e des activit\u00e9s agricoles ne devrait pas, pour autant, s\u2019accompagner d\u2019une augmentation de l\u2019inflation alimentaire. L\u2019offre locale agricole, bien qu\u2019en baisse par rapport \u00e0 la m\u00eame p\u00e9riode de l\u2019ann\u00e9e pass\u00e9e, resterait exc\u00e9dentaire par rapport \u00e0 la demande, notamment pour les maraich\u00e8res, les cultures fruiti\u00e8res et les productions animales.<\/p>\n<p>Et de souligner que ces pr\u00e9visions restent sujettes \u00e0 des r\u00e9visions plus ou moins importantes au fur et \u00e0 mesure de la publication de nouvelles donn\u00e9es, dans un contexte empreint de fortes incertitudes quant \u00e0 la dur\u00e9e de l\u2019\u00e9tat d\u2019urgence sanitaire et des restrictions aux d\u00e9placements entre les villes, mais \u00e9galement quant \u00e0 l\u2019ampleur de l\u2019impact des programmes de d\u00e9penses publiques et des mesures de soutien \u00e0 l\u2019\u00e9conomie nationale.<\/p>\n<p>Auteur: M&rsquo;hammed rahal<br \/>\n<a href=\"http:\/\/albayane.press.ma\/%EF%BB%BFle-hcp-prevoit-un-repli-de-lactivite-economique-de-46.html\">Cliquez ici pour lire l&rsquo;article depuis sa source.<\/a><\/p>\n","protected":false},"excerpt":{"rendered":"<p>Au troisi\u00e8me trimestre L\u2019activit\u00e9 \u00e9conomique enregistrerait au cours du troisi\u00e8me trimestre de 2020 une baisse de 4,6%, en variation annuelle, au lieu d\u2019une hausse de 2,4% la m\u00eame p\u00e9riode de l\u2019ann\u00e9e \u00e9coul\u00e9e, selon le Haut-Commissariat au Plan (HCP). Ce repli serait d\u00fb \u00e0 une diminution de la valeur ajout\u00e9e activit\u00e9s hors agriculture de 4,1% et [&hellip;]<\/p>\n","protected":false},"author":1760,"featured_media":0,"comment_status":"closed","ping_status":"closed","sticky":false,"template":"","format":"standard","meta":{"fifu_image_url":"","fifu_image_alt":"","footnotes":""},"categories":[73,54],"tags":[],"class_list":["post-91347","post","type-post","status-publish","format-standard","hentry","category-actualite","category-maroc"],"_links":{"self":[{"href":"https:\/\/linitiative.ca\/International\/wp-json\/wp\/v2\/posts\/91347","targetHints":{"allow":["GET"]}}],"collection":[{"href":"https:\/\/linitiative.ca\/International\/wp-json\/wp\/v2\/posts"}],"about":[{"href":"https:\/\/linitiative.ca\/International\/wp-json\/wp\/v2\/types\/post"}],"author":[{"embeddable":true,"href":"https:\/\/linitiative.ca\/International\/wp-json\/wp\/v2\/users\/1760"}],"replies":[{"embeddable":true,"href":"https:\/\/linitiative.ca\/International\/wp-json\/wp\/v2\/comments?post=91347"}],"version-history":[{"count":0,"href":"https:\/\/linitiative.ca\/International\/wp-json\/wp\/v2\/posts\/91347\/revisions"}],"wp:attachment":[{"href":"https:\/\/linitiative.ca\/International\/wp-json\/wp\/v2\/media?parent=91347"}],"wp:term":[{"taxonomy":"category","embeddable":true,"href":"https:\/\/linitiative.ca\/International\/wp-json\/wp\/v2\/categories?post=91347"},{"taxonomy":"post_tag","embeddable":true,"href":"https:\/\/linitiative.ca\/International\/wp-json\/wp\/v2\/tags?post=91347"}],"curies":[{"name":"wp","href":"https:\/\/api.w.org\/{rel}","templated":true}]}}