{"id":91348,"date":"2020-07-06T09:46:58","date_gmt":"2020-07-06T13:46:58","guid":{"rendered":"https:\/\/linitiative.ca\/International\/alm-un-nouveau-pdg-et-une-nouvelle-organisation\/"},"modified":"2020-07-06T09:46:58","modified_gmt":"2020-07-06T13:46:58","slug":"alm-un-nouveau-pdg-et-une-nouvelle-organisation","status":"publish","type":"post","link":"https:\/\/linitiative.ca\/International\/alm-un-nouveau-pdg-et-une-nouvelle-organisation\/","title":{"rendered":"ALM: un nouveau PDG et une nouvelle organisation"},"content":{"rendered":"<p class=\"c2\"><strong>Kaoutar Khennach<\/strong><\/p>\n<p class=\"has-text-color has-vivid-cyan-blue-color\"><strong>Aluminium Maroc (ALM) a annonc\u00e9 que son Pr\u00e9sident Directeur G\u00e9n\u00e9ral, Abdelouahed El Alami a pr\u00e9sent\u00e9 sa d\u00e9mission. Ainsi, le Conseil en a pris acte et l\u2019a remerci\u00e9 pour ses 42 ans\u00a0 pass\u00e9s \u00e0 ce poste, et ses apports inestimables au d\u00e9veloppement de la soci\u00e9t\u00e9.<\/strong><\/p>\n<p>Aussi, Abdelouahed El Alami a \u00e9t\u00e9 nomm\u00e9 Pr\u00e9sident d\u2019Honneur du Conseil d\u2019Administration et reste administrateur de la soci\u00e9t\u00e9. Pour son remplacement, le Conseil a \u00e9lu Mohamed El Alami au poste de Pr\u00e9sident Directeur G\u00e9n\u00e9ral. De m\u00eame, il a\u00a0 confirm\u00e9 Beno\u00eet Vaillant dans ses fonctions de\u00a0 Directeur G\u00e9n\u00e9ral D\u00e9l\u00e9gu\u00e9.<\/p>\n<p>Par ailleurs, les actionnaires majoritaires d\u2019Aluminium du Maroc ont inform\u00e9 le Conseil qu\u2019ils avaient trouv\u00e9 un\u00a0 accord sur une nouvelle organisation de la gouvernance de la soci\u00e9t\u00e9\u00a0\u00a0 qui sera mise en \u0153uvre par\u00a0 les\u00a0 organes\u00a0 sociaux\u00a0 comp\u00e9tents qui seront sollicit\u00e9s pour l\u2019approuver.<\/p>\n<p>Aussi, l\u2019Assembl\u00e9e g\u00e9n\u00e9rale d\u2019Aluminium Maroc a d\u00e9cid\u00e9 de porter le nombre d\u2019administrateurs \u00e0 15 contre 11 actuellement. De m\u00eame, l\u2019assembl\u00e9e g\u00e9n\u00e9rale a nomm\u00e9 cinq nouveaux administrateurs : Janie Letrot, Sabr Abou Ibrahimi, Radia Chmanti Houari, Francis Guillois et Abdul Hussein Beydoun. Aussi, Abdeslam El Alami a remplac\u00e9 Ahmed Rahhou. Enfin, l\u2019Assembl\u00e9ea valid\u00e9 la distribution d\u2019un dividende unitaire de 70 DH (-30% par rapport \u00e0 2019) qui sera mis en paiement \u00e0 compter du 27 juillet.<\/p>\n<p>Pour rappel, Aluminium Maroc avait annonc\u00e9 que son chiffre d\u2019affaires au premier trimestre 2020 a recul\u00e9 de -17% \u00e0 174 millions de DH \u00e0 cause d\u2019une baisse des prix de la mati\u00e8re premi\u00e8re de -7%, et\u00a0 par la chute des ventes au mois de mars dans le cadre de la crise sanitaire en cours.<\/p>\n<p>Auteur: M&rsquo;hammed rahal<br \/>\n<a href=\"http:\/\/albayane.press.ma\/alm-un-nouveau-pdg-et-une-nouvelle-organisation.html\">Cliquez ici pour lire l&rsquo;article depuis sa source.<\/a><\/p>\n","protected":false},"excerpt":{"rendered":"<p>Kaoutar Khennach Aluminium Maroc (ALM) a annonc\u00e9 que son Pr\u00e9sident Directeur G\u00e9n\u00e9ral, Abdelouahed El Alami a pr\u00e9sent\u00e9 sa d\u00e9mission. Ainsi, le Conseil en a pris acte et l\u2019a remerci\u00e9 pour ses 42 ans\u00a0 pass\u00e9s \u00e0 ce poste, et ses apports inestimables au d\u00e9veloppement de la soci\u00e9t\u00e9. Aussi, Abdelouahed El Alami a \u00e9t\u00e9 nomm\u00e9 Pr\u00e9sident d\u2019Honneur [&hellip;]<\/p>\n","protected":false},"author":1760,"featured_media":0,"comment_status":"closed","ping_status":"closed","sticky":false,"template":"","format":"standard","meta":{"fifu_image_url":"","fifu_image_alt":"","footnotes":""},"categories":[73,54],"tags":[],"class_list":["post-91348","post","type-post","status-publish","format-standard","hentry","category-actualite","category-maroc"],"_links":{"self":[{"href":"https:\/\/linitiative.ca\/International\/wp-json\/wp\/v2\/posts\/91348","targetHints":{"allow":["GET"]}}],"collection":[{"href":"https:\/\/linitiative.ca\/International\/wp-json\/wp\/v2\/posts"}],"about":[{"href":"https:\/\/linitiative.ca\/International\/wp-json\/wp\/v2\/types\/post"}],"author":[{"embeddable":true,"href":"https:\/\/linitiative.ca\/International\/wp-json\/wp\/v2\/users\/1760"}],"replies":[{"embeddable":true,"href":"https:\/\/linitiative.ca\/International\/wp-json\/wp\/v2\/comments?post=91348"}],"version-history":[{"count":0,"href":"https:\/\/linitiative.ca\/International\/wp-json\/wp\/v2\/posts\/91348\/revisions"}],"wp:attachment":[{"href":"https:\/\/linitiative.ca\/International\/wp-json\/wp\/v2\/media?parent=91348"}],"wp:term":[{"taxonomy":"category","embeddable":true,"href":"https:\/\/linitiative.ca\/International\/wp-json\/wp\/v2\/categories?post=91348"},{"taxonomy":"post_tag","embeddable":true,"href":"https:\/\/linitiative.ca\/International\/wp-json\/wp\/v2\/tags?post=91348"}],"curies":[{"name":"wp","href":"https:\/\/api.w.org\/{rel}","templated":true}]}}