{"id":91357,"date":"2020-07-06T10:20:00","date_gmt":"2020-07-06T14:20:00","guid":{"rendered":"https:\/\/linitiative.ca\/International\/le-retour-au-confinement-total-nest-pas-dans-nos-projets\/"},"modified":"2020-07-06T10:20:00","modified_gmt":"2020-07-06T14:20:00","slug":"le-retour-au-confinement-total-nest-pas-dans-nos-projets","status":"publish","type":"post","link":"https:\/\/linitiative.ca\/International\/le-retour-au-confinement-total-nest-pas-dans-nos-projets\/","title":{"rendered":"\u00abLe retour au confinement total n\u2019est pas dans nos projets\u00bb"},"content":{"rendered":"<div id=\"originalText\" readability=\"45\">\n<p class=\"c6\">Le ministre de la sant\u00e9, Abderrahmane\u00a0 Benbouzid, a indiqu\u00e9, lundi, lors d\u2019une conf\u00e9rence de presse, \u00e0 Alger, que \u00able retour au confinement total n\u2019est pas nos projets\u00bb.<\/p>\n<p class=\"c6\">Cependant, le ministre n\u2019exclut pas un confinement cibl\u00e9, dans le cas o\u00f9 certaines communes ou quartiers viendraient \u00e0\u00a0 enregistrer une hausse fulgurante du nombre de contamination au\u00a0 Covid-19.<\/p>\n<p class=\"c7\"><strong>R\u00e9daction Web\u00a0<\/strong><\/p>\n<\/div>\n<div id=\"text_core\" readability=\"45\">\n<p class=\"c6\">Le ministre de la sant\u00e9, Abderrahmane\u00a0 Benbouzid, a indiqu\u00e9, lundi, lors d\u2019une conf\u00e9rence de presse, \u00e0 Alger, que \u00able retour au confinement total n\u2019est pas nos projets\u00bb.<\/p>\n<p class=\"c6\">Cependant, le ministre n\u2019exclut pas un confinement cibl\u00e9, dans le cas o\u00f9 certaines communes ou quartiers viendraient \u00e0\u00a0 enregistrer une hausse fulgurante du nombre de contamination au\u00a0 Covid-19.<\/p>\n<p class=\"c7\"><strong>R\u00e9daction Web\u00a0<\/strong><\/p>\n<\/div>\n<p>Auteur:<br \/>\n<a href=\"https:\/\/www.liberte-algerie.com\/actualite\/le-retour-au-confinement-total-nest-pas-dans-nos-projets-341564\">Cliquez ici pour lire l&rsquo;article depuis sa source.<\/a><\/p>\n","protected":false},"excerpt":{"rendered":"<p>Le ministre de la sant\u00e9, Abderrahmane\u00a0 Benbouzid, a indiqu\u00e9, lundi, lors d\u2019une conf\u00e9rence de presse, \u00e0 Alger, que \u00able retour au confinement total n\u2019est pas nos projets\u00bb. Cependant, le ministre n\u2019exclut pas un confinement cibl\u00e9, dans le cas o\u00f9 certaines communes ou quartiers viendraient \u00e0\u00a0 enregistrer une hausse fulgurante du nombre de contamination au\u00a0 Covid-19. [&hellip;]<\/p>\n","protected":false},"author":1742,"featured_media":0,"comment_status":"closed","ping_status":"closed","sticky":false,"template":"","format":"standard","meta":{"fifu_image_url":"","fifu_image_alt":"","footnotes":""},"categories":[73,53],"tags":[],"class_list":["post-91357","post","type-post","status-publish","format-standard","hentry","category-actualite","category-algerie"],"_links":{"self":[{"href":"https:\/\/linitiative.ca\/International\/wp-json\/wp\/v2\/posts\/91357","targetHints":{"allow":["GET"]}}],"collection":[{"href":"https:\/\/linitiative.ca\/International\/wp-json\/wp\/v2\/posts"}],"about":[{"href":"https:\/\/linitiative.ca\/International\/wp-json\/wp\/v2\/types\/post"}],"author":[{"embeddable":true,"href":"https:\/\/linitiative.ca\/International\/wp-json\/wp\/v2\/users\/1742"}],"replies":[{"embeddable":true,"href":"https:\/\/linitiative.ca\/International\/wp-json\/wp\/v2\/comments?post=91357"}],"version-history":[{"count":0,"href":"https:\/\/linitiative.ca\/International\/wp-json\/wp\/v2\/posts\/91357\/revisions"}],"wp:attachment":[{"href":"https:\/\/linitiative.ca\/International\/wp-json\/wp\/v2\/media?parent=91357"}],"wp:term":[{"taxonomy":"category","embeddable":true,"href":"https:\/\/linitiative.ca\/International\/wp-json\/wp\/v2\/categories?post=91357"},{"taxonomy":"post_tag","embeddable":true,"href":"https:\/\/linitiative.ca\/International\/wp-json\/wp\/v2\/tags?post=91357"}],"curies":[{"name":"wp","href":"https:\/\/api.w.org\/{rel}","templated":true}]}}