{"id":91362,"date":"2020-07-06T11:56:30","date_gmt":"2020-07-06T15:56:30","guid":{"rendered":"https:\/\/linitiative.ca\/International\/tissemsilt-une-stele-commemorative-dediee-au-defunt-mouloud-kacem-nait-belkacem\/"},"modified":"2020-07-06T11:56:30","modified_gmt":"2020-07-06T15:56:30","slug":"tissemsilt-une-stele-commemorative-dediee-au-defunt-mouloud-kacem-nait-belkacem","status":"publish","type":"post","link":"https:\/\/linitiative.ca\/International\/tissemsilt-une-stele-commemorative-dediee-au-defunt-mouloud-kacem-nait-belkacem\/","title":{"rendered":"Tissemsilt: une st\u00e8le comm\u00e9morative d\u00e9di\u00e9e au d\u00e9funt Mouloud Kacem Nait Belkacem"},"content":{"rendered":"<div readability=\"34\">\n<p><strong>TISSEMSILT- Les autorit\u00e9s locales ont inaugur\u00e9 lundi \u00e0 Tissemsilt une fresque artistique \u00e9rig\u00e9e comme st\u00e8le comm\u00e9morative d\u00e9di\u00e9e au penseur et moudjahid Mouloud Kacem Nait Belkacem (1927-1992).<\/strong><\/p>\n<\/div>\n<div readability=\"68.5\">\n<p>La st\u00e8le a \u00e9t\u00e9 \u00e9rig\u00e9e devant le si\u00e8ge de la maison de la culture qui porte le nom du regrett\u00e9 \u00e2alem Mouloud Kacem Nait Belkacem, dans le cadre des festivit\u00e9s de c\u00e9l\u00e9bration du 58e anniversaire de la f\u00eate de la jeunesse et de l\u2019ind\u00e9pendance.<\/p>\n<p>R\u00e9alis\u00e9e \u00e0 l&rsquo;initiative du secteur de la culture de la wilaya, cette st\u00e8le est repr\u00e9sent\u00e9e dans une fresque artistique pr\u00e9sentant la photo du d\u00e9funt Mouloud Kacem Nait Belkacem, ainsi qu&rsquo;une c\u00e9l\u00e8bre citation de ce penseur : \u00ab\u00a0Une nation qui ne pr\u00e9serve pas son authenticit\u00e9 n&rsquo;a pas de place dans l&rsquo;histoire\u00a0\u00bb.<\/p>\n<p>Le directeur de wilaya de la culture, Mohamed Dahel, a indiqu\u00e9 que cette initiative qui s&rsquo;inscrit dans le cadre du programme du minist\u00e8re de la Culture pour c\u00e9l\u00e9brer la f\u00eate de l&rsquo;ind\u00e9pendance et de la jeunesse, porte sur la r\u00e9habilitation d&rsquo;\u00e9rudits et de figures culturelles de l&rsquo;Alg\u00e9rie.<\/p>\n<blockquote readability=\"12\">\n<p><strong><em>La Direction de la culture, a-t-il dit, \u00ab\u00a0compte lancer, dans les prochains jours, la r\u00e9alisation de st\u00e8les comm\u00e9moratives d\u00e9di\u00e9es \u00e0 des personnalit\u00e9s et figures de la pens\u00e9e et de la culture dans notre pays devant les infrastructures culturelles de la wilaya dont la biblioth\u00e8que principale de lecture publique du chef-lieu de wilaya et ses sept annexes.\u00a0\u00bb<\/em><\/strong><\/p>\n<\/blockquote>\n<p>Mouloud Kacem Nait Belkacem, n\u00e9 le 6 janvier 1927 dans le village de Belayel, dans la commune d&rsquo;Akbou (Bejaia), est dipl\u00f4m\u00e9 de Djama\u00e2 Ezzeitouna (Tunisie) en 1949. Il a poursuivi ses \u00e9tudes dans les universit\u00e9s du Caire (Egypte) puis de la Sorbonne (France) et de Bonn (Allemagne). Il adh\u00e9ra en 1949 au Mouvement du triomphe des libert\u00e9s d\u00e9mocratiques (MTLD).<\/p>\n<p>Le moudjahid a assum\u00e9 plusieurs responsabilit\u00e9s durant la guerre de lib\u00e9ration nationale et apr\u00e8s l\u2019ind\u00e9pendance dont celles de vice-pr\u00e9sident de la d\u00e9l\u00e9gation permanente du Comit\u00e9 de coordination et d&rsquo;ex\u00e9cution (CCE) du Front de lib\u00e9ration nationale (FLN) en Allemagne (1958-1961), de minist\u00e8re de l\u2019Enseignement et des Affaires religieuses, de conseiller \u00e0 la pr\u00e9sidence de la R\u00e9publique charg\u00e9 des affaires religieuses (1970-1983) et membre de l\u2019Acad\u00e9mie jordanienne de langue arabe en 1988. Il d\u00e9c\u00e9da en 1992.<\/p>\n<\/div>\n<p>Auteur:<br \/>\n<a href=\"http:\/\/www.aps.dz\/regions\/107036-tissemsilt-inauguration-d-une-stele-commemorative-dediee-au-defunt-mouloud-kacem-nait-belkacem\">Cliquez ici pour lire l&rsquo;article depuis sa source.<\/a><\/p>\n","protected":false},"excerpt":{"rendered":"<p>TISSEMSILT- Les autorit\u00e9s locales ont inaugur\u00e9 lundi \u00e0 Tissemsilt une fresque artistique \u00e9rig\u00e9e comme st\u00e8le comm\u00e9morative d\u00e9di\u00e9e au penseur et moudjahid Mouloud Kacem Nait Belkacem (1927-1992). La st\u00e8le a \u00e9t\u00e9 \u00e9rig\u00e9e devant le si\u00e8ge de la maison de la culture qui porte le nom du regrett\u00e9 \u00e2alem Mouloud Kacem Nait Belkacem, dans le cadre des [&hellip;]<\/p>\n","protected":false},"author":1790,"featured_media":0,"comment_status":"closed","ping_status":"closed","sticky":false,"template":"","format":"standard","meta":{"fifu_image_url":"","fifu_image_alt":"","footnotes":""},"categories":[53,76],"tags":[],"class_list":["post-91362","post","type-post","status-publish","format-standard","hentry","category-algerie","category-regions"],"_links":{"self":[{"href":"https:\/\/linitiative.ca\/International\/wp-json\/wp\/v2\/posts\/91362","targetHints":{"allow":["GET"]}}],"collection":[{"href":"https:\/\/linitiative.ca\/International\/wp-json\/wp\/v2\/posts"}],"about":[{"href":"https:\/\/linitiative.ca\/International\/wp-json\/wp\/v2\/types\/post"}],"author":[{"embeddable":true,"href":"https:\/\/linitiative.ca\/International\/wp-json\/wp\/v2\/users\/1790"}],"replies":[{"embeddable":true,"href":"https:\/\/linitiative.ca\/International\/wp-json\/wp\/v2\/comments?post=91362"}],"version-history":[{"count":0,"href":"https:\/\/linitiative.ca\/International\/wp-json\/wp\/v2\/posts\/91362\/revisions"}],"wp:attachment":[{"href":"https:\/\/linitiative.ca\/International\/wp-json\/wp\/v2\/media?parent=91362"}],"wp:term":[{"taxonomy":"category","embeddable":true,"href":"https:\/\/linitiative.ca\/International\/wp-json\/wp\/v2\/categories?post=91362"},{"taxonomy":"post_tag","embeddable":true,"href":"https:\/\/linitiative.ca\/International\/wp-json\/wp\/v2\/tags?post=91362"}],"curies":[{"name":"wp","href":"https:\/\/api.w.org\/{rel}","templated":true}]}}