{"id":91363,"date":"2020-07-06T12:18:32","date_gmt":"2020-07-06T16:18:32","guid":{"rendered":"https:\/\/linitiative.ca\/International\/ouargla-les-menages-a-faibles-revenus-face-a-la-flambee-des-prix-des-climatiseurs\/"},"modified":"2020-07-06T12:18:32","modified_gmt":"2020-07-06T16:18:32","slug":"ouargla-les-menages-a-faibles-revenus-face-a-la-flambee-des-prix-des-climatiseurs","status":"publish","type":"post","link":"https:\/\/linitiative.ca\/International\/ouargla-les-menages-a-faibles-revenus-face-a-la-flambee-des-prix-des-climatiseurs\/","title":{"rendered":"Ouargla: les m\u00e9nages \u00e0 faibles revenus face \u00e0 la flamb\u00e9e des prix des climatiseurs"},"content":{"rendered":"<div readability=\"39\">\n<p><strong>OUARGLA- La flamb\u00e9e des prix des appareils \u00e9lectrom\u00e9nagers, les climatiseurs en particulier, \u00e0 Ouargla, a \u00ab\u00a0sensiblement\u00a0\u00bb impact\u00e9 le pouvoir d&rsquo;achat des m\u00e9nages \u00e0 faibles revenus, en cette p\u00e9riode de canicule, selon des propos recueillis par l&rsquo;APS aupr\u00e8s de la population locale.<\/strong><\/p>\n<\/div>\n<div readability=\"90.244761904762\">\n<p>Les appareils \u00e9lectrom\u00e9nagers, plus particuli\u00e8rement les climatiseurs, tr\u00e8s demand\u00e9s en \u00e9t\u00e9, notamment dans les r\u00e9gions du Sud du pays, ont enregistr\u00e9 une augmentation \u00ab\u00a0vertigineuse\u00a0\u00bb des prix, accentu\u00e9e par les mesures de pr\u00e9vention prises dans le cadre de la lutte contre le Covid-19.<\/p>\n<p>En effet, le climatiseur double corps (split-system) de 12.000 BTU (British thermal unit), le moins cher, se vend actuellement sur les march\u00e9s entre 52.000 et 57.000 dinars, contre 42.000 dinars l\u2019an dernier.<\/p>\n<p>Des citoyens ont exprim\u00e9 leur \u00e9tonnement quand \u00e0 cette hausse inattendue des prix, dans cette r\u00e9gion qui continue d\u2019enregistrer des pics de chaleur, avec plus de 48 C.<\/p>\n<p>Selon Abdelkader, retrait\u00e9, \u00ab\u00a0les m\u00e9nages aux ressources modestes ne peuvent se permettre\u00a0 un simple climatiseur\u00a0\u00bb, signalant que \u00ab\u00a0les climatiseurs d\u2019occasion n\u2019ont quant \u00e0 eux pas \u00e9chapp\u00e9 \u00e0 la hausse des prix\u00a0\u00bb.<\/p>\n<blockquote readability=\"12\">\n<p><strong><em>\u00ab\u00a0Les prix des appareils \u00e9lectrom\u00e9nagers notamment les climatiseurs devraient \u00eatre r\u00e9vis\u00e9s \u00e0 la baisse pour faciliter l&rsquo;accessibilit\u00e9 de cet appareil aux consommateurs \u00e0 faibles revenus, \u00e0 l\u2019instar des artisans et travailleurs journaliers, durement affect\u00e9s par les mesures de confinement et la suspension de plusieurs activit\u00e9s commerciales et artisanales durant plus de trois mois\u00a0\u00bb , a indiqu\u00e9 pour sa part Mahmoud, coiffeur et p\u00e8re de six enfants.<\/em><\/strong><\/p>\n<\/blockquote>\n<p>\u00ab\u00a0Les classes sociales d\u00e9favoris\u00e9es se plaignent de la d\u00e9t\u00e9rioration de leurs conditions de vie et de leur pouvoir d\u2019achat\u00a0\u00bb, a-t-il soulign\u00e9.<\/p>\n<hr\/>\n<h3 class=\"itemTitle\">Lire aussi:\u00a0<a href=\"http:\/\/www.aps.dz\/regions\/106824-la-canicule-persistera-a-el-oued-et-ouargla-jusqu-a-jeudi-soir\" target=\"_blank\" rel=\"noopener noreferrer\">La canicule persistera \u00e0 El-Oued et Ouargla jusqu&rsquo;\u00e0 jeudi soir<\/a><\/h3>\n<hr\/>\n<p>En revanche, Islam, propri\u00e9taire d&rsquo;un local d&rsquo;\u00e9lectrom\u00e9nagers, a affirm\u00e9 que \u00ab\u00a0les prix des \u00e9lectrom\u00e9nagers, tous types confondus sont fix\u00e9s selon la loi de l&rsquo;offre et de la demande\u00a0\u00bb.<\/p>\n<blockquote readability=\"15\">\n<p><strong><em>\u00ab\u00a0La production des usines de fabrication de ces appareils a \u00e9t\u00e9 drastiquement r\u00e9duite, en raison, notamment du confinement mis en place pour lutter contre le Covid-19, alors que la demande sur certains appareils \u00e9lectrom\u00e9nagers, les climatiseurs, en particulier ne cesse d&rsquo; accro\u00eetre, \u00e0 la veille de la saison estivale, a-t-il ajout\u00e9.<\/em><\/strong><\/p>\n<\/blockquote>\n<p>Pour sa part, Nabil, vendeur d&rsquo;appareils \u00e9lectrom\u00e9nagers, a expliqu\u00e9 cette flamb\u00e9e des prix par le fait que les fabricants \u00e9taient dans l&rsquo;obligation d&rsquo;augmenter les prix, car de nouvelles taxes ont \u00e9t\u00e9 impos\u00e9es sur la mati\u00e8re premi\u00e8re et la pi\u00e8ce de rechange import\u00e9es, d&rsquo;autant que le stock des mati\u00e8res premi\u00e8res est \u00e9puis\u00e9.\u00a0\u00bbCes mesures ont entra\u00een\u00e9 une hausse des prix au niveau des usines, se refl\u00e9tant directement sur le prix du d\u00e9tail sur les march\u00e9s\u00a0\u00bb, a-t-il poursuivi.<\/p>\n<\/div>\n<p>Auteur:<br \/>\n<a href=\"http:\/\/www.aps.dz\/regions\/107040-ouargla-canicule-les-menages-a-faibles-revenus-face-a-la-flambee-des-prix-des-climatiseurs\">Cliquez ici pour lire l&rsquo;article depuis sa source.<\/a><\/p>\n","protected":false},"excerpt":{"rendered":"<p>OUARGLA- La flamb\u00e9e des prix des appareils \u00e9lectrom\u00e9nagers, les climatiseurs en particulier, \u00e0 Ouargla, a \u00ab\u00a0sensiblement\u00a0\u00bb impact\u00e9 le pouvoir d&rsquo;achat des m\u00e9nages \u00e0 faibles revenus, en cette p\u00e9riode de canicule, selon des propos recueillis par l&rsquo;APS aupr\u00e8s de la population locale. Les appareils \u00e9lectrom\u00e9nagers, plus particuli\u00e8rement les climatiseurs, tr\u00e8s demand\u00e9s en \u00e9t\u00e9, notamment dans les [&hellip;]<\/p>\n","protected":false},"author":1790,"featured_media":0,"comment_status":"closed","ping_status":"closed","sticky":false,"template":"","format":"standard","meta":{"fifu_image_url":"","fifu_image_alt":"","footnotes":""},"categories":[53,76],"tags":[],"class_list":["post-91363","post","type-post","status-publish","format-standard","hentry","category-algerie","category-regions"],"_links":{"self":[{"href":"https:\/\/linitiative.ca\/International\/wp-json\/wp\/v2\/posts\/91363","targetHints":{"allow":["GET"]}}],"collection":[{"href":"https:\/\/linitiative.ca\/International\/wp-json\/wp\/v2\/posts"}],"about":[{"href":"https:\/\/linitiative.ca\/International\/wp-json\/wp\/v2\/types\/post"}],"author":[{"embeddable":true,"href":"https:\/\/linitiative.ca\/International\/wp-json\/wp\/v2\/users\/1790"}],"replies":[{"embeddable":true,"href":"https:\/\/linitiative.ca\/International\/wp-json\/wp\/v2\/comments?post=91363"}],"version-history":[{"count":0,"href":"https:\/\/linitiative.ca\/International\/wp-json\/wp\/v2\/posts\/91363\/revisions"}],"wp:attachment":[{"href":"https:\/\/linitiative.ca\/International\/wp-json\/wp\/v2\/media?parent=91363"}],"wp:term":[{"taxonomy":"category","embeddable":true,"href":"https:\/\/linitiative.ca\/International\/wp-json\/wp\/v2\/categories?post=91363"},{"taxonomy":"post_tag","embeddable":true,"href":"https:\/\/linitiative.ca\/International\/wp-json\/wp\/v2\/tags?post=91363"}],"curies":[{"name":"wp","href":"https:\/\/api.w.org\/{rel}","templated":true}]}}