{"id":91369,"date":"2020-07-06T07:10:43","date_gmt":"2020-07-06T11:10:43","guid":{"rendered":"https:\/\/linitiative.ca\/International\/affaire-ramid-et-amekraz-le-pjd-botte-en-touche\/"},"modified":"2020-07-06T07:10:43","modified_gmt":"2020-07-06T11:10:43","slug":"affaire-ramid-et-amekraz-le-pjd-botte-en-touche","status":"publish","type":"post","link":"https:\/\/linitiative.ca\/International\/affaire-ramid-et-amekraz-le-pjd-botte-en-touche\/","title":{"rendered":"Affaire Ramid et Amekraz: Le PJD botte en touche"},"content":{"rendered":"<div class=\"body\">\n<div class=\"field field-name-body field-type-text-with-summary field-label-hidden\">\n<div class=\"field-items\" readability=\"9\">\n<div class=\"field-item even\" property=\"content:encoded\" readability=\"13\">\n<p class=\"rtejustify\">La derni\u00e8re r\u00e9union du secr\u00e9tariat g\u00e9n\u00e9ral du PJD s&rsquo;est pench\u00e9e sur le rapport de la Commission de transparence relatif \u00e0 l&rsquo;affaire Ramid et Amekraz. Ces derniers \u00e9taient soup\u00e7onn\u00e9s de ne pas d\u00e9clarer les employ\u00e9s de leurs cabinets \u00e0 la CNSS. Les membres du secr\u00e9tariat g\u00e9n\u00e9ral de cette formation se sont montr\u00e9s solidaires avec les deux ministres, estimant que le premier a d\u00e9dommag\u00e9 son employ\u00e9e, et le 2e a rapidement redress\u00e9 la situation en proc\u00e9dant \u00e0 l&rsquo;inscription des employ\u00e9s de son cabinet. Au moment o\u00f9 les appels \u00e0 la d\u00e9mission des deux responsables se multiplient, l&rsquo;\u00e9tat-major du PJD a contre-attaqu\u00e9 en pointant \u00ab\u00a0l&rsquo;instrumentalisation de ce dossier pour attaquer le parti\u00a0\u00bb.<br \/><em>M.A.M.<\/em><\/p>\n<\/div>\n<\/div>\n<\/div>\n<\/div>\n<div class=\"eco-conseil\">\n<div class=\"view view-eco-conseil-16 view-id-eco_conseil_16 view-display-id-cookies view-dom-id-917110127d4aa39e7ff03288df7ce12d\">\n<div class=\"view-content\">\n<div id=\"views-bootstrap-grid-1\" class=\"views-bootstrap-grid-plugin-style\">\n<div class=\"row\">\n<div class=\" col-xs-12 col-lg-4\">\n<div class=\"row\">\n<div class=\"col col-xs-12 col-lg-12\">\n<div class=\"field-content\"><a href=\"\/article\/1064306-automobile-acheter-maintenant-et-payer-en-2021\"><img loading=\"lazy\" decoding=\"async\" class=\"img-responsive\" typeof=\"foaf:Image\" src=\"https:\/\/www.leconomiste.com\/sites\/default\/files\/eco7\/public\/styles\/800x400\/public\/default_images\/default_une.jpg?itok=4jZlgnIZ\" width=\"660\" height=\"330\" alt=\"\"\/><\/a><\/div>\n<\/div>\n<div class=\" title_suite_2 col col-xs-12 col-lg-12\"> <a href=\"\/article\/1064306-automobile-acheter-maintenant-et-payer-en-2021\"\/><span class=\"field-content\">Automobile: Acheter maintenant et payer en 2021!<\/span><\/div>\n<\/div>\n<\/div>\n<div class=\" col-xs-12 col-lg-4\">\n<div class=\"row\">\n<div class=\"col col-xs-12 col-lg-12\">\n<div class=\"field-content\"><a href=\"\/article\/1064305-operation-marhaba-la-reunion-au-parlement-reprogrammee\"><img loading=\"lazy\" decoding=\"async\" class=\"img-responsive\" typeof=\"foaf:Image\" src=\"https:\/\/www.leconomiste.com\/sites\/default\/files\/eco7\/public\/styles\/800x400\/public\/default_images\/default_une.jpg?itok=4jZlgnIZ\" width=\"660\" height=\"330\" alt=\"\"\/><\/a><\/div>\n<\/div>\n<div class=\" title_suite_2 col col-xs-12 col-lg-12\"> <a href=\"\/article\/1064305-operation-marhaba-la-reunion-au-parlement-reprogrammee\"\/><span class=\"field-content\">Op\u00e9ration Marhaba: La r\u00e9union au Parlement reprogramm\u00e9e<\/span><\/div>\n<\/div>\n<\/div>\n<div class=\" col-xs-12 col-lg-4\">\n<div class=\"row\">\n<div class=\"col col-xs-12 col-lg-12\">\n<div class=\"field-content\"><a href=\"\/article\/1064304-energies-renouvelables-une-commission-nationale-d-hydrogene\"><img loading=\"lazy\" decoding=\"async\" class=\"img-responsive\" typeof=\"foaf:Image\" src=\"https:\/\/www.leconomiste.com\/sites\/default\/files\/eco7\/public\/styles\/800x400\/public\/default_images\/default_une.jpg?itok=4jZlgnIZ\" width=\"660\" height=\"330\" alt=\"\"\/><\/a><\/div>\n<\/div>\n<div class=\" title_suite_2 col col-xs-12 col-lg-12\"> <a href=\"\/article\/1064304-energies-renouvelables-une-commission-nationale-d-hydrogene\"\/><span class=\"field-content\">Energies renouvelables: Une commission nationale d&rsquo;hydrog\u00e8ne<\/span><\/div>\n<\/div>\n<\/div>\n<\/div>\n<\/div>\n<\/div>\n<\/div>\n<\/div>\n<p>Auteur: hlafriqi<br \/>\n<a href=\"https:\/\/www.leconomiste.com\/article\/1064302-affaire-ramid-et-amekraz-le-pjd-botte-en-touche\">Cliquez ici pour lire l&rsquo;article depuis sa source.<\/a><\/p>\n","protected":false},"excerpt":{"rendered":"<p>La derni\u00e8re r\u00e9union du secr\u00e9tariat g\u00e9n\u00e9ral du PJD s&rsquo;est pench\u00e9e sur le rapport de la Commission de transparence relatif \u00e0 l&rsquo;affaire Ramid et Amekraz. Ces derniers \u00e9taient soup\u00e7onn\u00e9s de ne pas d\u00e9clarer les employ\u00e9s de leurs cabinets \u00e0 la CNSS. Les membres du secr\u00e9tariat g\u00e9n\u00e9ral de cette formation se sont montr\u00e9s solidaires avec les deux [&hellip;]<\/p>\n","protected":false},"author":1763,"featured_media":0,"comment_status":"closed","ping_status":"closed","sticky":false,"template":"","format":"standard","meta":{"fifu_image_url":"","fifu_image_alt":"","footnotes":""},"categories":[78,54],"tags":[],"class_list":["post-91369","post","type-post","status-publish","format-standard","hentry","category-economie","category-maroc"],"_links":{"self":[{"href":"https:\/\/linitiative.ca\/International\/wp-json\/wp\/v2\/posts\/91369","targetHints":{"allow":["GET"]}}],"collection":[{"href":"https:\/\/linitiative.ca\/International\/wp-json\/wp\/v2\/posts"}],"about":[{"href":"https:\/\/linitiative.ca\/International\/wp-json\/wp\/v2\/types\/post"}],"author":[{"embeddable":true,"href":"https:\/\/linitiative.ca\/International\/wp-json\/wp\/v2\/users\/1763"}],"replies":[{"embeddable":true,"href":"https:\/\/linitiative.ca\/International\/wp-json\/wp\/v2\/comments?post=91369"}],"version-history":[{"count":0,"href":"https:\/\/linitiative.ca\/International\/wp-json\/wp\/v2\/posts\/91369\/revisions"}],"wp:attachment":[{"href":"https:\/\/linitiative.ca\/International\/wp-json\/wp\/v2\/media?parent=91369"}],"wp:term":[{"taxonomy":"category","embeddable":true,"href":"https:\/\/linitiative.ca\/International\/wp-json\/wp\/v2\/categories?post=91369"},{"taxonomy":"post_tag","embeddable":true,"href":"https:\/\/linitiative.ca\/International\/wp-json\/wp\/v2\/tags?post=91369"}],"curies":[{"name":"wp","href":"https:\/\/api.w.org\/{rel}","templated":true}]}}