{"id":91376,"date":"2020-07-06T15:13:21","date_gmt":"2020-07-06T19:13:21","guid":{"rendered":"https:\/\/linitiative.ca\/International\/pros-fin-de-la-crise-entre-mbolhi-et-ses-dirigeants\/"},"modified":"2020-07-06T15:13:21","modified_gmt":"2020-07-06T19:13:21","slug":"pros-fin-de-la-crise-entre-mbolhi-et-ses-dirigeants","status":"publish","type":"post","link":"https:\/\/linitiative.ca\/International\/pros-fin-de-la-crise-entre-mbolhi-et-ses-dirigeants\/","title":{"rendered":"Pros : Fin de la crise entre M\u2019bolhi et ses dirigeants"},"content":{"rendered":"<div readability=\"32\">\n<p>Auteur : <span>Riad Ouenzar<\/span> <span class=\"time\">lundi 06 juillet 2020 15:27<\/span><\/p>\n<\/div>\n<div id=\"post_core\" readability=\"38\">\n<p>La direction de l\u2019Ettifaq FC a r\u00e9pondu favorablement aux demandes de son gardien de but Alg\u00e9rien, Ra\u00efs M&rsquo;Bolhi. Selon la presse saoudienne, les responsables du club ont d\u00e9cid\u00e9 de verser l\u2019int\u00e9gralit\u00e9 des salaires de M\u2019bolhi pendant l\u2019arr\u00eat de la comp\u00e9tition en raison de la pand\u00e9mie du Covid-19. \u00a0\u00a0Les dirigeants de l\u2019Ettifaq FC avaient dans un premier temps d\u00e9duit une partie du salaire du champion d\u2019Afrique 2019 en raison de la crise financi\u00e8re relative au Coronavirus. Pour sa part, M\u2019bolhi a promis \u00e0 ses dirigeants de reprendre l\u2019entra\u00eenement dans un d\u00e9lai de 10 jours.<\/p>\n<p><strong>Publi\u00e9 dans :<\/strong> <span>M\u2019bolhi<\/span><\/p>\n<\/div>\n<p>Auteur:<br \/>\n<a href=\"http:\/\/www.lebuteur.com\/article\/detail?titre=fin-de-la-crise-entre-mbolhi-et-ses-dirigeants&#038;id=96512&#038;utm_source=feedburner&#038;utm_medium=feed&#038;utm_campaign=Feed%3A+GalerieFArtciles+%28Les+derniers+articles++-+lebuteur.com%29\">Cliquez ici pour lire l&rsquo;article depuis sa source.<\/a><\/p>\n","protected":false},"excerpt":{"rendered":"<p>Auteur : Riad Ouenzar lundi 06 juillet 2020 15:27 La direction de l\u2019Ettifaq FC a r\u00e9pondu favorablement aux demandes de son gardien de but Alg\u00e9rien, Ra\u00efs M&rsquo;Bolhi. Selon la presse saoudienne, les responsables du club ont d\u00e9cid\u00e9 de verser l\u2019int\u00e9gralit\u00e9 des salaires de M\u2019bolhi pendant l\u2019arr\u00eat de la comp\u00e9tition en raison de la pand\u00e9mie du [&hellip;]<\/p>\n","protected":false},"author":1738,"featured_media":91377,"comment_status":"closed","ping_status":"closed","sticky":false,"template":"","format":"standard","meta":{"fifu_image_url":"","fifu_image_alt":"","footnotes":""},"categories":[53,75],"tags":[],"class_list":["post-91376","post","type-post","status-publish","format-standard","has-post-thumbnail","hentry","category-algerie","category-sport"],"_links":{"self":[{"href":"https:\/\/linitiative.ca\/International\/wp-json\/wp\/v2\/posts\/91376","targetHints":{"allow":["GET"]}}],"collection":[{"href":"https:\/\/linitiative.ca\/International\/wp-json\/wp\/v2\/posts"}],"about":[{"href":"https:\/\/linitiative.ca\/International\/wp-json\/wp\/v2\/types\/post"}],"author":[{"embeddable":true,"href":"https:\/\/linitiative.ca\/International\/wp-json\/wp\/v2\/users\/1738"}],"replies":[{"embeddable":true,"href":"https:\/\/linitiative.ca\/International\/wp-json\/wp\/v2\/comments?post=91376"}],"version-history":[{"count":0,"href":"https:\/\/linitiative.ca\/International\/wp-json\/wp\/v2\/posts\/91376\/revisions"}],"wp:featuredmedia":[{"embeddable":true,"href":"https:\/\/linitiative.ca\/International\/wp-json\/"}],"wp:attachment":[{"href":"https:\/\/linitiative.ca\/International\/wp-json\/wp\/v2\/media?parent=91376"}],"wp:term":[{"taxonomy":"category","embeddable":true,"href":"https:\/\/linitiative.ca\/International\/wp-json\/wp\/v2\/categories?post=91376"},{"taxonomy":"post_tag","embeddable":true,"href":"https:\/\/linitiative.ca\/International\/wp-json\/wp\/v2\/tags?post=91376"}],"curies":[{"name":"wp","href":"https:\/\/api.w.org\/{rel}","templated":true}]}}