{"id":91378,"date":"2020-07-06T15:13:23","date_gmt":"2020-07-06T19:13:23","guid":{"rendered":"https:\/\/linitiative.ca\/International\/international-fc-barcelone-bartomeu-atomise-la-var-et-le-real\/"},"modified":"2020-07-06T15:13:23","modified_gmt":"2020-07-06T19:13:23","slug":"international-fc-barcelone-bartomeu-atomise-la-var-et-le-real","status":"publish","type":"post","link":"https:\/\/linitiative.ca\/International\/international-fc-barcelone-bartomeu-atomise-la-var-et-le-real\/","title":{"rendered":"International : FC Barcelone: Bartomeu atomise la VAR et le Real"},"content":{"rendered":"<div readability=\"32\">\n<p>Auteur : <span class=\"time\">lundi 06 juillet 2020 15:31<\/span><\/p>\n<\/div>\n<div id=\"post_core\" readability=\"45\">\n<p>Suite \u00e0 la large victoire du FC Barcelone \u00e0 Villarreal (1-4), dimanche en Liga, Josep Maria Bartomeu en a profit\u00e9 pour sortir la sulfateuse. En effet, le pr\u00e9sident du club catalan s&rsquo;est dit fatigu\u00e9 par l&rsquo;utilisation de la VAR, qui selon ses dires, avantage un peu trop le Real Madrid, vainqueur de l&rsquo;Athletic Bilbao (0-1), gr\u00e2ce \u00e0 un nouveau penalty de Sergio Ramos: \u00ab\u00a0J&rsquo;ai vu la fin de la seconde p\u00e9riode \u00e0 Bilbao. Une victoire de plus pour le Real Madrid et je vais r\u00e9p\u00e9ter mon message. Cela me fait de la peine car nous avons le meilleur championnat du monde et que la VAR n&rsquo;est pas \u00e0 la hauteur. Cela se r\u00e9percute sur certains r\u00e9sultats. Il semble que cela favorise toujours la m\u00eame \u00e9quipe\u00a0\u00bb, a l\u00e2ch\u00e9 le dirigeant blaugrana dans des propos repris par les m\u00e9dias espagnols. Une sortie qui risque de faire jaser dans la capitale du Royaume rapporte Maxifoot.fr.<\/p>\n<p><strong>Publi\u00e9 dans :<\/strong> <span>fc barcelone<\/span> <span>Bartomeu<\/span><\/p>\n<\/div>\n<p>Auteur:<br \/>\n<a href=\"http:\/\/www.lebuteur.com\/article\/detail?titre=fc-barcelone-bartomeu-atomise-la-var-et-le-real&#038;id=96513&#038;utm_source=feedburner&#038;utm_medium=feed&#038;utm_campaign=Feed%3A+GalerieFArtciles+%28Les+derniers+articles++-+lebuteur.com%29\">Cliquez ici pour lire l&rsquo;article depuis sa source.<\/a><\/p>\n","protected":false},"excerpt":{"rendered":"<p>Auteur : lundi 06 juillet 2020 15:31 Suite \u00e0 la large victoire du FC Barcelone \u00e0 Villarreal (1-4), dimanche en Liga, Josep Maria Bartomeu en a profit\u00e9 pour sortir la sulfateuse. En effet, le pr\u00e9sident du club catalan s&rsquo;est dit fatigu\u00e9 par l&rsquo;utilisation de la VAR, qui selon ses dires, avantage un peu trop le [&hellip;]<\/p>\n","protected":false},"author":1738,"featured_media":91379,"comment_status":"closed","ping_status":"closed","sticky":false,"template":"","format":"standard","meta":{"fifu_image_url":"","fifu_image_alt":"","footnotes":""},"categories":[53,75],"tags":[],"class_list":["post-91378","post","type-post","status-publish","format-standard","has-post-thumbnail","hentry","category-algerie","category-sport"],"_links":{"self":[{"href":"https:\/\/linitiative.ca\/International\/wp-json\/wp\/v2\/posts\/91378","targetHints":{"allow":["GET"]}}],"collection":[{"href":"https:\/\/linitiative.ca\/International\/wp-json\/wp\/v2\/posts"}],"about":[{"href":"https:\/\/linitiative.ca\/International\/wp-json\/wp\/v2\/types\/post"}],"author":[{"embeddable":true,"href":"https:\/\/linitiative.ca\/International\/wp-json\/wp\/v2\/users\/1738"}],"replies":[{"embeddable":true,"href":"https:\/\/linitiative.ca\/International\/wp-json\/wp\/v2\/comments?post=91378"}],"version-history":[{"count":0,"href":"https:\/\/linitiative.ca\/International\/wp-json\/wp\/v2\/posts\/91378\/revisions"}],"wp:featuredmedia":[{"embeddable":true,"href":"https:\/\/linitiative.ca\/International\/wp-json\/"}],"wp:attachment":[{"href":"https:\/\/linitiative.ca\/International\/wp-json\/wp\/v2\/media?parent=91378"}],"wp:term":[{"taxonomy":"category","embeddable":true,"href":"https:\/\/linitiative.ca\/International\/wp-json\/wp\/v2\/categories?post=91378"},{"taxonomy":"post_tag","embeddable":true,"href":"https:\/\/linitiative.ca\/International\/wp-json\/wp\/v2\/tags?post=91378"}],"curies":[{"name":"wp","href":"https:\/\/api.w.org\/{rel}","templated":true}]}}