{"id":91391,"date":"2020-07-06T12:02:00","date_gmt":"2020-07-06T16:02:00","guid":{"rendered":"https:\/\/linitiative.ca\/International\/respect-des-mesures-de-lutte-contre-le-coronavirus-rezig-instruit-les-directeurs-du-commerce\/"},"modified":"2020-07-06T12:02:00","modified_gmt":"2020-07-06T16:02:00","slug":"respect-des-mesures-de-lutte-contre-le-coronavirus-rezig-instruit-les-directeurs-du-commerce","status":"publish","type":"post","link":"https:\/\/linitiative.ca\/International\/respect-des-mesures-de-lutte-contre-le-coronavirus-rezig-instruit-les-directeurs-du-commerce\/","title":{"rendered":"RESPECT DES MESURES DE LUTTE CONTRE LE CORONAVIRUS  : Rezig instruit les  directeurs du commerce"},"content":{"rendered":"<p><br id=\"sep_para_1\" class=\"sep_para access\"\/><\/p>\n<div id=\"para_1\" class=\"para_37759367 resize\">\n<div class=\"texte access firstletter\">Le ministre du Commerce, Kamel Rezig a donn\u00e9 des instructions aux directeurs r\u00e9gionaux et de wilaya pour l\u2019application ferme des orientations du Premier ministre concernant les mesures de lutte contre la propagation du nouveau coronavirus (Covid-19), a indiqu\u00e9 un communiqu\u00e9 du minist\u00e8re. En effet,\u00a0 le ministre du Commerce, Kamel Rezig a donn\u00e9, lors d\u2019une r\u00e9union tenue samedi en visioconf\u00e9rence, des instructions aux directeurs r\u00e9gionaux et de wilayas pour l\u2019application rigoureuse des orientations du Premier ministre au sujet de toutes les mesures d\u00e9cid\u00e9es dans le cadre de la lutte contre la propagation de la Covid-19 dans le secteur du commerce \u00bb, a pr\u00e9cis\u00e9 le minist\u00e8re sur sa page Facebook. A cet effet, les services du minist\u00e8re du Commerce sont dans l\u2019obligation de proc\u00e9der \u00e0 des actions de contr\u00f4le au niveau de certains commerces de quartiers et de march\u00e9s, accompagn\u00e9s de la force publique, pour la fermeture imm\u00e9diate du commerce, le retrait du registre de commerce ainsi qu\u2019une sanction p\u00e9cuniaire et dissuader tout comportement contraire aux lois et r\u00e8glements en vigueur.\u00a0\u00a0<\/div>\n<\/div>\n<p>Auteur: Nadine<br \/>\n<a href=\"https:\/\/www.reflexiondz.net\/RESPECT-DES-MESURES-DE-LUTTE-CONTRE-LE-CORONAVIRUS-Rezig-instruit-les-directeurs-du-commerce_a63823.html\">Cliquez ici pour lire l&rsquo;article depuis sa source.<\/a><\/p>\n","protected":false},"excerpt":{"rendered":"<p>Le ministre du Commerce, Kamel Rezig a donn\u00e9 des instructions aux directeurs r\u00e9gionaux et de wilaya pour l\u2019application ferme des orientations du Premier ministre concernant les mesures de lutte contre la propagation du nouveau coronavirus (Covid-19), a indiqu\u00e9 un communiqu\u00e9 du minist\u00e8re. En effet,\u00a0 le ministre du Commerce, Kamel Rezig a donn\u00e9, lors d\u2019une r\u00e9union [&hellip;]<\/p>\n","protected":false},"author":1740,"featured_media":0,"comment_status":"closed","ping_status":"closed","sticky":false,"template":"","format":"standard","meta":{"fifu_image_url":"","fifu_image_alt":"","footnotes":""},"categories":[53,76],"tags":[],"class_list":["post-91391","post","type-post","status-publish","format-standard","hentry","category-algerie","category-regions"],"_links":{"self":[{"href":"https:\/\/linitiative.ca\/International\/wp-json\/wp\/v2\/posts\/91391","targetHints":{"allow":["GET"]}}],"collection":[{"href":"https:\/\/linitiative.ca\/International\/wp-json\/wp\/v2\/posts"}],"about":[{"href":"https:\/\/linitiative.ca\/International\/wp-json\/wp\/v2\/types\/post"}],"author":[{"embeddable":true,"href":"https:\/\/linitiative.ca\/International\/wp-json\/wp\/v2\/users\/1740"}],"replies":[{"embeddable":true,"href":"https:\/\/linitiative.ca\/International\/wp-json\/wp\/v2\/comments?post=91391"}],"version-history":[{"count":0,"href":"https:\/\/linitiative.ca\/International\/wp-json\/wp\/v2\/posts\/91391\/revisions"}],"wp:attachment":[{"href":"https:\/\/linitiative.ca\/International\/wp-json\/wp\/v2\/media?parent=91391"}],"wp:term":[{"taxonomy":"category","embeddable":true,"href":"https:\/\/linitiative.ca\/International\/wp-json\/wp\/v2\/categories?post=91391"},{"taxonomy":"post_tag","embeddable":true,"href":"https:\/\/linitiative.ca\/International\/wp-json\/wp\/v2\/tags?post=91391"}],"curies":[{"name":"wp","href":"https:\/\/api.w.org\/{rel}","templated":true}]}}