{"id":91392,"date":"2020-07-06T12:02:00","date_gmt":"2020-07-06T16:02:00","guid":{"rendered":"https:\/\/linitiative.ca\/International\/industrie-le-complexe-siderurgique-del-hadjar-emploie-6100-personnes\/"},"modified":"2020-07-06T12:02:00","modified_gmt":"2020-07-06T16:02:00","slug":"industrie-le-complexe-siderurgique-del-hadjar-emploie-6100-personnes","status":"publish","type":"post","link":"https:\/\/linitiative.ca\/International\/industrie-le-complexe-siderurgique-del-hadjar-emploie-6100-personnes\/","title":{"rendered":"INDUSTRIE  : Le complexe sid\u00e9rurgique d\u2019El Hadjar emploie  6100 personnes"},"content":{"rendered":"<p><br id=\"sep_para_1\" class=\"sep_para access\"\/><\/p>\n<div id=\"para_1\" class=\"para_37759371 resize\">\n<div class=\"texte access firstletter\">Le ministre de l\u2019Industrie, M. Farhat Ait Ali Braham, a effectu\u00e9, ce lundi 6 juillet 202, une visite de travail au complexe sid\u00e9rurgique d\u2019El Hadjar, dans la wilaya d\u2019Annaba. Selon les explications fournies au ministre, le complexe emploie environ 6 100 travailleurs de diverses sp\u00e9cialit\u00e9s, rapporte le minist\u00e8re dans un communiqu\u00e9 publi\u00e9 sur sa page Facebook. Depuis 2015, le complexe d\u2019El Hadjar s\u2019est engag\u00e9 dans un plan de d\u00e9veloppement visant \u00e0 la r\u00e9habilitation technologique des installations de production. Ce fleuron de la sid\u00e9rurgie alg\u00e9rienne a connu ces derni\u00e8res ann\u00e9es plusieurs restructurations, ainsi que des mouvements de protestation, la mise \u00e0 l\u2019arr\u00eat de plusieurs fourneaux et une situation financi\u00e8re alarmante. A ce propos, le nouveau directeur g\u00e9n\u00e9ral du complexe d\u2019El Hadjar, R\u00e9da Belhadj, a \u00e9voqu\u00e9, en mai dernier, une tr\u00e9sorerie tr\u00e8s fragile, un endettement lourd et des cr\u00e9ances qui sont significatives. En d\u00e9pit des investissements de l\u2019Etat, pour maintenir le complexe \u00e0 flot, la situation financi\u00e8re reste alarmante.\u00a0\u00a0<\/div>\n<\/div>\n<p>Auteur: Ismain<br \/>\n<a href=\"https:\/\/www.reflexiondz.net\/INDUSTRIE-Le-complexe-siderurgique-d-El-Hadjar-emploie-6100-personnes_a63824.html\">Cliquez ici pour lire l&rsquo;article depuis sa source.<\/a><\/p>\n","protected":false},"excerpt":{"rendered":"<p>Le ministre de l\u2019Industrie, M. Farhat Ait Ali Braham, a effectu\u00e9, ce lundi 6 juillet 202, une visite de travail au complexe sid\u00e9rurgique d\u2019El Hadjar, dans la wilaya d\u2019Annaba. Selon les explications fournies au ministre, le complexe emploie environ 6 100 travailleurs de diverses sp\u00e9cialit\u00e9s, rapporte le minist\u00e8re dans un communiqu\u00e9 publi\u00e9 sur sa page [&hellip;]<\/p>\n","protected":false},"author":1740,"featured_media":0,"comment_status":"closed","ping_status":"closed","sticky":false,"template":"","format":"standard","meta":{"fifu_image_url":"","fifu_image_alt":"","footnotes":""},"categories":[53,76],"tags":[],"class_list":["post-91392","post","type-post","status-publish","format-standard","hentry","category-algerie","category-regions"],"_links":{"self":[{"href":"https:\/\/linitiative.ca\/International\/wp-json\/wp\/v2\/posts\/91392","targetHints":{"allow":["GET"]}}],"collection":[{"href":"https:\/\/linitiative.ca\/International\/wp-json\/wp\/v2\/posts"}],"about":[{"href":"https:\/\/linitiative.ca\/International\/wp-json\/wp\/v2\/types\/post"}],"author":[{"embeddable":true,"href":"https:\/\/linitiative.ca\/International\/wp-json\/wp\/v2\/users\/1740"}],"replies":[{"embeddable":true,"href":"https:\/\/linitiative.ca\/International\/wp-json\/wp\/v2\/comments?post=91392"}],"version-history":[{"count":0,"href":"https:\/\/linitiative.ca\/International\/wp-json\/wp\/v2\/posts\/91392\/revisions"}],"wp:attachment":[{"href":"https:\/\/linitiative.ca\/International\/wp-json\/wp\/v2\/media?parent=91392"}],"wp:term":[{"taxonomy":"category","embeddable":true,"href":"https:\/\/linitiative.ca\/International\/wp-json\/wp\/v2\/categories?post=91392"},{"taxonomy":"post_tag","embeddable":true,"href":"https:\/\/linitiative.ca\/International\/wp-json\/wp\/v2\/tags?post=91392"}],"curies":[{"name":"wp","href":"https:\/\/api.w.org\/{rel}","templated":true}]}}