{"id":91393,"date":"2020-07-06T12:02:00","date_gmt":"2020-07-06T16:02:00","guid":{"rendered":"https:\/\/linitiative.ca\/International\/recrudescence-des-cas-de-coronavirus-en-algerie-benbouzid-ecarte-le-retour-au-confinement\/"},"modified":"2020-07-06T12:02:00","modified_gmt":"2020-07-06T16:02:00","slug":"recrudescence-des-cas-de-coronavirus-en-algerie-benbouzid-ecarte-le-retour-au-confinement","status":"publish","type":"post","link":"https:\/\/linitiative.ca\/International\/recrudescence-des-cas-de-coronavirus-en-algerie-benbouzid-ecarte-le-retour-au-confinement\/","title":{"rendered":"RECRUDESCENCE DES CAS DE CORONAVIRUS EN ALGERIE : Benbouzid \u00e9carte le retour au confinement"},"content":{"rendered":"<p><br id=\"sep_para_1\" class=\"sep_para access\"\/><\/p>\n<div id=\"para_1\" class=\"para_37759376 resize\">\n<div class=\"texte access firstletter\">En effet, M. Benbouzid a fait savoir que \u00ab le recours au confinement total n\u2019est pas une chose facile, et il n\u2019est pas dans notre agenda actuellement \u00bb. La difficult\u00e9 du retour au confinement total r\u00e9side dans son impact sur l\u2019\u00e9conomie et les citoyens selon lui. D\u2019autant plus que cette d\u00e9cision de revient pas uniquement au minist\u00e8re. Or, le ministre a r\u00e9affirm\u00e9 que l\u2019\u00e9ventualit\u00e9 d\u2019un recours au confinement r\u00e9gional au niveau des communes ou Da\u00efras, en cas d\u2019une propagation importante du virus, est toujours de vigueur. Pour endiguer la propagation du virus, le ministre insiste, une fois de plus, sur la n\u00e9cessit\u00e9 du port du masque. \u00c0 ce propos, il a indiqu\u00e9 avoir not\u00e9, lors de sa r\u00e9cente visite dans la wilaya de S\u00e9tif, que 80 % de la population ont respect\u00e9 cette mesure. Ce qui est rassurant et largement suffisant selon lui. D\u2019ailleurs, pour le ministre de la Sant\u00e9, il n\u2019est pas n\u00e9cessaire que la totalit\u00e9 des citoyens portent un masque de protection, 70 \u00e0 80% est largement suffisant. Par ailleurs, le ministre a retoqu\u00e9 le d\u00e9pistage de la Covid-19 par scanner, estimant que l\u2019analyse n\u2019\u00e9tait pas toujours probante \u00e0 100%, l\u2019examen pouvant capter des alt\u00e9rations pulmonaires dues \u00e0 des inflammations\u00a0 \u00abqui ne sont pas forc\u00e9ment li\u00e9es au Covid-19\u00bb a-t-il expliqu\u00e9. Evoquant, enfin, le taux de mortalit\u00e9, en hausse, Benbouzid, s\u2019il l\u2019impute \u00e0 diverses raisons, n\u2019en a pas moins point\u00e9 une n\u00e9gligence fatale du port de masque dans les espaces publics et la rue. Pour rappel, le nouveau bilan du coronavirus, pr\u00e9sent\u00e9 ce dimanche, par le comit\u00e9 scientifique charg\u00e9 du suivi de l\u2019\u00e9volution de l\u2019\u00e9pid\u00e9mie du coronavirus en Alg\u00e9rie, a fait \u00e9tat de 441 nouveaux cas et 311 nouvelles gu\u00e9risons. Le total des cas confirm\u00e9s est pass\u00e9\u00a0 \u00e0 15941 avec les 441 nouveaux cas recens\u00e9s au cours des derni\u00e8res 24 heures, selon le porte-parole du Comit\u00e9 scientifique, Dr Djamel Fourar.<\/div>\n<\/div>\n<p>Auteur: Ismain<br \/>\n<a href=\"https:\/\/www.reflexiondz.net\/RECRUDESCENCE-DES-CAS-DE-CORONAVIRUS-EN-ALGERIE-Benbouzid-ecarte-le-retour-au-confinement_a63827.html\">Cliquez ici pour lire l&rsquo;article depuis sa source.<\/a><\/p>\n","protected":false},"excerpt":{"rendered":"<p>En effet, M. Benbouzid a fait savoir que \u00ab le recours au confinement total n\u2019est pas une chose facile, et il n\u2019est pas dans notre agenda actuellement \u00bb. La difficult\u00e9 du retour au confinement total r\u00e9side dans son impact sur l\u2019\u00e9conomie et les citoyens selon lui. D\u2019autant plus que cette d\u00e9cision de revient pas uniquement [&hellip;]<\/p>\n","protected":false},"author":1740,"featured_media":0,"comment_status":"closed","ping_status":"closed","sticky":false,"template":"","format":"standard","meta":{"fifu_image_url":"","fifu_image_alt":"","footnotes":""},"categories":[53,76],"tags":[],"class_list":["post-91393","post","type-post","status-publish","format-standard","hentry","category-algerie","category-regions"],"_links":{"self":[{"href":"https:\/\/linitiative.ca\/International\/wp-json\/wp\/v2\/posts\/91393","targetHints":{"allow":["GET"]}}],"collection":[{"href":"https:\/\/linitiative.ca\/International\/wp-json\/wp\/v2\/posts"}],"about":[{"href":"https:\/\/linitiative.ca\/International\/wp-json\/wp\/v2\/types\/post"}],"author":[{"embeddable":true,"href":"https:\/\/linitiative.ca\/International\/wp-json\/wp\/v2\/users\/1740"}],"replies":[{"embeddable":true,"href":"https:\/\/linitiative.ca\/International\/wp-json\/wp\/v2\/comments?post=91393"}],"version-history":[{"count":0,"href":"https:\/\/linitiative.ca\/International\/wp-json\/wp\/v2\/posts\/91393\/revisions"}],"wp:attachment":[{"href":"https:\/\/linitiative.ca\/International\/wp-json\/wp\/v2\/media?parent=91393"}],"wp:term":[{"taxonomy":"category","embeddable":true,"href":"https:\/\/linitiative.ca\/International\/wp-json\/wp\/v2\/categories?post=91393"},{"taxonomy":"post_tag","embeddable":true,"href":"https:\/\/linitiative.ca\/International\/wp-json\/wp\/v2\/tags?post=91393"}],"curies":[{"name":"wp","href":"https:\/\/api.w.org\/{rel}","templated":true}]}}